{"id":651,"date":"2017-08-17T16:42:10","date_gmt":"2017-08-17T14:42:10","guid":{"rendered":"https:\/\/blog.willkommen.ro\/?p=651"},"modified":"2017-08-17T16:42:10","modified_gmt":"2017-08-17T14:42:10","slug":"interkulturelle-begegnungs-exkursion","status":"publish","type":"post","link":"https:\/\/blog.willkommen.ro\/?p=651","title":{"rendered":"Interkulturelle Begegnungs-Exkursion"},"content":{"rendered":"<p>Passend zur Vereinssatzung gab es am vergangenen Freitag einen Ausflug mit der Gruppe der j\u00fcngeren Teilnehmer aus Leblang. F\u00fcnf der franz\u00f6sischen Pfadfinder halfen uns bei der Durchf\u00fchrung des Programms und Betreuung der Teilnehmer. Insgesamt 25 Personen, aufgeteilt auf vier Autos (mit der Hoffnung, in keine Polizeikontrolle zu geraten), fuhren von Leblang zun\u00e4chst querfeldein \u00fcber die H\u00fcgel bis nach Cobor, und von dort aus weiter bis hinter Comana de sus, wo wir als Familie bereits mehrfach sch\u00f6ne Sonntagnachmittage verbracht haben. Dort genossen die Teilnehmer das Wasser der Bachs, verschiedene mitgebrachte Spiele und einen Spaziergang in den Wald. Vor der Abfahrt konnten sich alle an Seitenw\u00fcrstchen mit viel Ketchup satt essen, und auf der R\u00fcckfahrt bekam jeder noch ein Eis.<\/p>\n<p>Vielen Dank an die franz\u00f6sischen Pfadfinder f\u00fcr die tolle Unterst\u00fctzung, an den Verein Diakonia, der uns einen VW-Bus zur Verf\u00fcgung stellte und an Lydia, die uns wie schon mehrfach ihr Auto auch f\u00fcr diesen Ausflug geliehen hat.<\/p>\n<figure id=\"attachment_656\" aria-describedby=\"caption-attachment-656\" style=\"width: 525px\" class=\"wp-caption alignnone\"><img loading=\"lazy\" decoding=\"async\" class=\"wp-image-656 size-large\" src=\"https:\/\/blog.willkommen.ro\/wp-content\/uploads\/2017\/08\/wp-1502980593672-1024x768.jpg\" alt=\"\" width=\"525\" height=\"394\" srcset=\"https:\/\/blog.willkommen.ro\/wp-content\/uploads\/2017\/08\/wp-1502980593672.jpg 1024w, https:\/\/blog.willkommen.ro\/wp-content\/uploads\/2017\/08\/wp-1502980593672-300x225.jpg 300w, https:\/\/blog.willkommen.ro\/wp-content\/uploads\/2017\/08\/wp-1502980593672-768x576.jpg 768w\" sizes=\"auto, (max-width: 525px) 100vw, 525px\" \/><figcaption id=\"caption-attachment-656\" class=\"wp-caption-text\">Fahrt \u00fcber den H\u00fcgel zwischen Leblang und Cobor<\/figcaption><\/figure>\n<figure id=\"attachment_654\" aria-describedby=\"caption-attachment-654\" style=\"width: 525px\" class=\"wp-caption alignnone\"><img loading=\"lazy\" decoding=\"async\" class=\"wp-image-654 size-large\" src=\"https:\/\/blog.willkommen.ro\/wp-content\/uploads\/2017\/08\/wp-1502980538648-1024x768.jpg\" alt=\"\" width=\"525\" height=\"394\" srcset=\"https:\/\/blog.willkommen.ro\/wp-content\/uploads\/2017\/08\/wp-1502980538648.jpg 1024w, https:\/\/blog.willkommen.ro\/wp-content\/uploads\/2017\/08\/wp-1502980538648-300x225.jpg 300w, https:\/\/blog.willkommen.ro\/wp-content\/uploads\/2017\/08\/wp-1502980538648-768x576.jpg 768w\" sizes=\"auto, (max-width: 525px) 100vw, 525px\" \/><figcaption id=\"caption-attachment-654\" class=\"wp-caption-text\">Aktivit\u00e4ten hinter Comana de sus<\/figcaption><\/figure>\n<figure id=\"attachment_658\" aria-describedby=\"caption-attachment-658\" style=\"width: 525px\" class=\"wp-caption alignnone\"><img loading=\"lazy\" decoding=\"async\" class=\"size-large wp-image-658\" src=\"https:\/\/blog.willkommen.ro\/wp-content\/uploads\/2017\/08\/DSC_1703-1024x680.jpg\" alt=\"\" width=\"525\" height=\"349\" srcset=\"https:\/\/blog.willkommen.ro\/wp-content\/uploads\/2017\/08\/DSC_1703-1024x680.jpg 1024w, https:\/\/blog.willkommen.ro\/wp-content\/uploads\/2017\/08\/DSC_1703-300x199.jpg 300w, https:\/\/blog.willkommen.ro\/wp-content\/uploads\/2017\/08\/DSC_1703-768x510.jpg 768w\" sizes=\"auto, (max-width: 525px) 100vw, 525px\" \/><figcaption id=\"caption-attachment-658\" class=\"wp-caption-text\">Alle m\u00f6gen W\u00fcrstchen<\/figcaption><\/figure>\n<figure id=\"attachment_655\" aria-describedby=\"caption-attachment-655\" style=\"width: 525px\" class=\"wp-caption alignnone\"><img loading=\"lazy\" decoding=\"async\" class=\"wp-image-655 size-large\" src=\"https:\/\/blog.willkommen.ro\/wp-content\/uploads\/2017\/08\/wp-1502980564757-1024x768.jpg\" alt=\"\" width=\"525\" height=\"394\" srcset=\"https:\/\/blog.willkommen.ro\/wp-content\/uploads\/2017\/08\/wp-1502980564757.jpg 1024w, https:\/\/blog.willkommen.ro\/wp-content\/uploads\/2017\/08\/wp-1502980564757-300x225.jpg 300w, https:\/\/blog.willkommen.ro\/wp-content\/uploads\/2017\/08\/wp-1502980564757-768x576.jpg 768w\" sizes=\"auto, (max-width: 525px) 100vw, 525px\" \/><figcaption id=\"caption-attachment-655\" class=\"wp-caption-text\">R\u00fcckkehr im Feierabendverkehr<\/figcaption><\/figure>\n","protected":false},"excerpt":{"rendered":"<p>Passend zur Vereinssatzung gab es am vergangenen Freitag einen Ausflug mit der Gruppe der j\u00fcngeren Teilnehmer aus Leblang. F\u00fcnf der franz\u00f6sischen Pfadfinder halfen uns bei der Durchf\u00fchrung des Programms und Betreuung der Teilnehmer. Insgesamt 25 Personen, aufgeteilt auf vier Autos (mit der Hoffnung, in keine Polizeikontrolle zu geraten), fuhren von Leblang zun\u00e4chst querfeldein \u00fcber die &hellip; <\/p>\n<p class=\"link-more\"><a href=\"https:\/\/blog.willkommen.ro\/?p=651\" class=\"more-link\"><span class=\"screen-reader-text\">\u201eInterkulturelle Begegnungs-Exkursion\u201c<\/span> weiterlesen<\/a><\/p>\n","protected":false},"author":1,"featured_media":0,"comment_status":"open","ping_status":"open","sticky":false,"template":"","format":"standard","meta":{"ngg_post_thumbnail":0,"footnotes":""},"categories":[1],"tags":[],"class_list":["post-651","post","type-post","status-publish","format-standard","hentry","category-allgemein"],"_links":{"self":[{"href":"https:\/\/blog.willkommen.ro\/index.php?rest_route=\/wp\/v2\/posts\/651","targetHints":{"allow":["GET"]}}],"collection":[{"href":"https:\/\/blog.willkommen.ro\/index.php?rest_route=\/wp\/v2\/posts"}],"about":[{"href":"https:\/\/blog.willkommen.ro\/index.php?rest_route=\/wp\/v2\/types\/post"}],"author":[{"embeddable":true,"href":"https:\/\/blog.willkommen.ro\/index.php?rest_route=\/wp\/v2\/users\/1"}],"replies":[{"embeddable":true,"href":"https:\/\/blog.willkommen.ro\/index.php?rest_route=%2Fwp%2Fv2%2Fcomments&post=651"}],"version-history":[{"count":2,"href":"https:\/\/blog.willkommen.ro\/index.php?rest_route=\/wp\/v2\/posts\/651\/revisions"}],"predecessor-version":[{"id":659,"href":"https:\/\/blog.willkommen.ro\/index.php?rest_route=\/wp\/v2\/posts\/651\/revisions\/659"}],"wp:attachment":[{"href":"https:\/\/blog.willkommen.ro\/index.php?rest_route=%2Fwp%2Fv2%2Fmedia&parent=651"}],"wp:term":[{"taxonomy":"category","embeddable":true,"href":"https:\/\/blog.willkommen.ro\/index.php?rest_route=%2Fwp%2Fv2%2Fcategories&post=651"},{"taxonomy":"post_tag","embeddable":true,"href":"https:\/\/blog.willkommen.ro\/index.php?rest_route=%2Fwp%2Fv2%2Ftags&post=651"}],"curies":[{"name":"wp","href":"https:\/\/api.w.org\/{rel}","templated":true}]}}