{"id":531,"date":"2017-06-30T20:35:23","date_gmt":"2017-06-30T18:35:23","guid":{"rendered":"https:\/\/blog.willkommen.ro\/?p=531"},"modified":"2017-06-30T20:36:25","modified_gmt":"2017-06-30T18:36:25","slug":"kinderprogramm","status":"publish","type":"post","link":"https:\/\/blog.willkommen.ro\/?p=531","title":{"rendered":"Verbesserungen"},"content":{"rendered":"<p><a href=\"https:\/\/blog.willkommen.ro\/wp-content\/uploads\/2017\/06\/img_20170630_173445.jpg\"><img decoding=\"async\" title=\"IMG_20170630_173445.jpg\" class=\"alignnone size-full\" alt=\"image\" src=\"https:\/\/blog.willkommen.ro\/wp-content\/uploads\/2017\/06\/img_20170630_173445.jpg\" \/><\/a><\/p>\n<p><a href=\"https:\/\/blog.willkommen.ro\/wp-content\/uploads\/2017\/06\/img_20170630_173411.jpg\"><img decoding=\"async\" title=\"IMG_20170630_173411.jpg\" class=\"alignnone size-full\" alt=\"image\" src=\"https:\/\/blog.willkommen.ro\/wp-content\/uploads\/2017\/06\/img_20170630_173411.jpg\" \/><\/a><\/p>\n<p><a href=\"https:\/\/blog.willkommen.ro\/wp-content\/uploads\/2017\/06\/img_20170630_173421.jpg\"><img decoding=\"async\" title=\"IMG_20170630_173421.jpg\" class=\"alignnone size-full\" alt=\"image\" src=\"https:\/\/blog.willkommen.ro\/wp-content\/uploads\/2017\/06\/img_20170630_173421.jpg\" \/><\/a><\/p>\n<p>Zur Zeit verbessern wir die angemieteten R\u00e4ume in Leblang: Der erste ist bereits frisch gestrichen, an den W\u00e4nden h\u00e4ngen seit heute provisorische Schallschlucker aus Bettbez\u00fcgen zur Verminderung des Halls, und an der T\u00fcr gibt es seit letzter Woche eine Infotafel mit dem anstehenden Programm. Im Nebenraum soll eine K\u00fcche entstehen, und der gro\u00dfe Raum sowohl als eine Art Klassenzimmer mit Tischen und St\u00fchlen als auch f\u00fcr die abendlichen Treffen mit Jugendlichen genutzt werden k\u00f6nnen.<\/p>\n","protected":false},"excerpt":{"rendered":"<p>Zur Zeit verbessern wir die angemieteten R\u00e4ume in Leblang: Der erste ist bereits frisch gestrichen, an den W\u00e4nden h\u00e4ngen seit heute provisorische Schallschlucker aus Bettbez\u00fcgen zur Verminderung des Halls, und an der T\u00fcr gibt es seit letzter Woche eine Infotafel mit dem anstehenden Programm. Im Nebenraum soll eine K\u00fcche entstehen, und der gro\u00dfe Raum sowohl &hellip; <\/p>\n<p class=\"link-more\"><a href=\"https:\/\/blog.willkommen.ro\/?p=531\" class=\"more-link\"><span class=\"screen-reader-text\">\u201eVerbesserungen\u201c<\/span> weiterlesen<\/a><\/p>\n","protected":false},"author":1,"featured_media":0,"comment_status":"open","ping_status":"open","sticky":false,"template":"","format":"standard","meta":{"ngg_post_thumbnail":0,"footnotes":""},"categories":[1],"tags":[],"class_list":["post-531","post","type-post","status-publish","format-standard","hentry","category-allgemein"],"_links":{"self":[{"href":"https:\/\/blog.willkommen.ro\/index.php?rest_route=\/wp\/v2\/posts\/531","targetHints":{"allow":["GET"]}}],"collection":[{"href":"https:\/\/blog.willkommen.ro\/index.php?rest_route=\/wp\/v2\/posts"}],"about":[{"href":"https:\/\/blog.willkommen.ro\/index.php?rest_route=\/wp\/v2\/types\/post"}],"author":[{"embeddable":true,"href":"https:\/\/blog.willkommen.ro\/index.php?rest_route=\/wp\/v2\/users\/1"}],"replies":[{"embeddable":true,"href":"https:\/\/blog.willkommen.ro\/index.php?rest_route=%2Fwp%2Fv2%2Fcomments&post=531"}],"version-history":[{"count":2,"href":"https:\/\/blog.willkommen.ro\/index.php?rest_route=\/wp\/v2\/posts\/531\/revisions"}],"predecessor-version":[{"id":533,"href":"https:\/\/blog.willkommen.ro\/index.php?rest_route=\/wp\/v2\/posts\/531\/revisions\/533"}],"wp:attachment":[{"href":"https:\/\/blog.willkommen.ro\/index.php?rest_route=%2Fwp%2Fv2%2Fmedia&parent=531"}],"wp:term":[{"taxonomy":"category","embeddable":true,"href":"https:\/\/blog.willkommen.ro\/index.php?rest_route=%2Fwp%2Fv2%2Fcategories&post=531"},{"taxonomy":"post_tag","embeddable":true,"href":"https:\/\/blog.willkommen.ro\/index.php?rest_route=%2Fwp%2Fv2%2Ftags&post=531"}],"curies":[{"name":"wp","href":"https:\/\/api.w.org\/{rel}","templated":true}]}}