{"id":402,"date":"2017-01-28T07:21:08","date_gmt":"2017-01-28T06:21:08","guid":{"rendered":"http:\/\/www.willkommen.ro\/wordpress\/?p=402"},"modified":"2017-01-28T07:21:08","modified_gmt":"2017-01-28T06:21:08","slug":"schnee-und-noapte-buna-gorilo","status":"publish","type":"post","link":"https:\/\/blog.willkommen.ro\/?p=402","title":{"rendered":"Schnee und &#8220;Noapte bun\u0103, gorilo!&#8221;"},"content":{"rendered":"<p>Am gestrigen Freitag war nach l\u00e4ngerer krankheitsbedingter Pause wieder das \u00fcbliche Programm in Leblang. In beiden Gruppen kamen &#8220;die \u00fcblichen Verd\u00e4chtigen&#8221;: 14 Kinder in der ersten Gruppe f\u00fcr die J\u00fcngeren und 11 Kinder in der zweiten Gruppe f\u00fcr die bis 14-J\u00e4hrigen. Das Thema f\u00fcr die \u00c4lteren war von der Jahreszeit und dem damit vorherrschenden Wetter inspiriert: Schnee. Bei den J\u00fcngeren drehte sich alles um das Thema Tiere, entsprechend des Kinderbuchs &#8220;Gute Nacht, Gorilla&#8221;, dass auch bei unseren Kindern sehr beliebt ist. Besonders sch\u00f6n war, dass auch eine Gast-Mitarbeiterin aus Fogarasch das Programm mit gestaltete! Mitarbeiter und Teilnehmer freuen sich bereits auf kommenden Freitag!<\/p>\n<figure id=\"attachment_403\" aria-describedby=\"caption-attachment-403\" style=\"width: 770px\" class=\"wp-caption alignnone\"><a href=\"https:\/\/blog.willkommen.ro\/wp-content\/uploads\/2017\/01\/Image805274123.jpg\"><img loading=\"lazy\" decoding=\"async\" class=\"wp-image-403 size-large\" src=\"https:\/\/blog.willkommen.ro\/wp-content\/uploads\/2017\/01\/Image805274123-1024x768.jpg\" width=\"770\" height=\"578\" srcset=\"https:\/\/blog.willkommen.ro\/wp-content\/uploads\/2017\/01\/Image805274123.jpg 1024w, https:\/\/blog.willkommen.ro\/wp-content\/uploads\/2017\/01\/Image805274123-300x225.jpg 300w, https:\/\/blog.willkommen.ro\/wp-content\/uploads\/2017\/01\/Image805274123-768x576.jpg 768w\" sizes=\"auto, (max-width: 767px) 89vw, (max-width: 1000px) 54vw, (max-width: 1071px) 543px, 580px\" \/><\/a><figcaption id=\"caption-attachment-403\" class=\"wp-caption-text\">Inspiration f\u00fcr das Thema bei den J\u00fcngeren: Gute Nacht, Gorilla von Peggy Rathmann<\/figcaption><\/figure>\n<figure id=\"attachment_404\" aria-describedby=\"caption-attachment-404\" style=\"width: 770px\" class=\"wp-caption alignnone\"><a href=\"https:\/\/blog.willkommen.ro\/wp-content\/uploads\/2017\/01\/Image-1296782958.jpg\"><img loading=\"lazy\" decoding=\"async\" class=\"wp-image-404 size-large\" src=\"https:\/\/blog.willkommen.ro\/wp-content\/uploads\/2017\/01\/Image-1296782958-1024x768.jpg\" width=\"770\" height=\"578\" srcset=\"https:\/\/blog.willkommen.ro\/wp-content\/uploads\/2017\/01\/Image-1296782958.jpg 1024w, https:\/\/blog.willkommen.ro\/wp-content\/uploads\/2017\/01\/Image-1296782958-300x225.jpg 300w, https:\/\/blog.willkommen.ro\/wp-content\/uploads\/2017\/01\/Image-1296782958-768x576.jpg 768w\" sizes=\"auto, (max-width: 767px) 89vw, (max-width: 1000px) 54vw, (max-width: 1071px) 543px, 580px\" \/><\/a><figcaption id=\"caption-attachment-404\" class=\"wp-caption-text\">Das Thema bei den \u00c4lteren: Schnee, der seit zwei Monaten t\u00e4gliches Schlittenfahren erm\u00f6glicht.<\/figcaption><\/figure>\n","protected":false},"excerpt":{"rendered":"<p>Am gestrigen Freitag war nach l\u00e4ngerer krankheitsbedingter Pause wieder das \u00fcbliche Programm in Leblang. In beiden Gruppen kamen &#8220;die \u00fcblichen Verd\u00e4chtigen&#8221;: 14 Kinder in der ersten Gruppe f\u00fcr die J\u00fcngeren und 11 Kinder in der zweiten Gruppe f\u00fcr die bis 14-J\u00e4hrigen. Das Thema f\u00fcr die \u00c4lteren war von der Jahreszeit und dem damit vorherrschenden Wetter &hellip; <\/p>\n<p class=\"link-more\"><a href=\"https:\/\/blog.willkommen.ro\/?p=402\" class=\"more-link\"><span class=\"screen-reader-text\">\u201eSchnee und &#8220;Noapte bun\u0103, gorilo!&#8221;\u201c<\/span> weiterlesen<\/a><\/p>\n","protected":false},"author":1,"featured_media":0,"comment_status":"open","ping_status":"open","sticky":false,"template":"","format":"standard","meta":{"ngg_post_thumbnail":0,"footnotes":""},"categories":[1],"tags":[],"class_list":["post-402","post","type-post","status-publish","format-standard","hentry","category-allgemein"],"_links":{"self":[{"href":"https:\/\/blog.willkommen.ro\/index.php?rest_route=\/wp\/v2\/posts\/402","targetHints":{"allow":["GET"]}}],"collection":[{"href":"https:\/\/blog.willkommen.ro\/index.php?rest_route=\/wp\/v2\/posts"}],"about":[{"href":"https:\/\/blog.willkommen.ro\/index.php?rest_route=\/wp\/v2\/types\/post"}],"author":[{"embeddable":true,"href":"https:\/\/blog.willkommen.ro\/index.php?rest_route=\/wp\/v2\/users\/1"}],"replies":[{"embeddable":true,"href":"https:\/\/blog.willkommen.ro\/index.php?rest_route=%2Fwp%2Fv2%2Fcomments&post=402"}],"version-history":[{"count":0,"href":"https:\/\/blog.willkommen.ro\/index.php?rest_route=\/wp\/v2\/posts\/402\/revisions"}],"wp:attachment":[{"href":"https:\/\/blog.willkommen.ro\/index.php?rest_route=%2Fwp%2Fv2%2Fmedia&parent=402"}],"wp:term":[{"taxonomy":"category","embeddable":true,"href":"https:\/\/blog.willkommen.ro\/index.php?rest_route=%2Fwp%2Fv2%2Fcategories&post=402"},{"taxonomy":"post_tag","embeddable":true,"href":"https:\/\/blog.willkommen.ro\/index.php?rest_route=%2Fwp%2Fv2%2Ftags&post=402"}],"curies":[{"name":"wp","href":"https:\/\/api.w.org\/{rel}","templated":true}]}}