{"id":361,"date":"2016-06-17T15:31:42","date_gmt":"2016-06-17T13:31:42","guid":{"rendered":"http:\/\/www.willkommen.ro\/wordpress\/?p=361"},"modified":"2016-06-17T15:31:42","modified_gmt":"2016-06-17T13:31:42","slug":"ein-nachmittag-mit-fernande-und-jeremias","status":"publish","type":"post","link":"https:\/\/blog.willkommen.ro\/?p=361","title":{"rendered":"Ein Nachmittag mit Fernande und Jeremias"},"content":{"rendered":"<p><em>Bericht von Fernande Stein:<\/em><\/p>\n<p>An einem warmen Maiwochenende besuchten Jeremias und ich nun schon zum zweiten Mal Chris und Michael auf dem Lande. Diesmal hatten wir auch schon einen Plan f\u00fcr ein kleines Kunstprojekt mit den Kindern aus Leblang. Die haben am Samstag gro\u00dfe Gemeinschaftsbilder mit Pinsel und Wasserfarbe gemalt und hatten offensichtlich gro\u00dfen Spa\u00df dabei! \ud83d\ude42<br \/>\nAuf einem runden Blatt, der Erdkugel, haben die kleineren Kinder gemalt: V\u00f6gel, Wolken, wilde Gew\u00e4sser, Erde, Schlangen und viele Katzen. Danach kamen die gr\u00f6\u00dferen Kinder, die wir in zwei Gruppen aufgeteilt haben: Jeremias hat mit den fu\u00dfballbegeisterten Jungs ein Spielfeld samt Mannschaft realisiert, die anderen konnten sich nach Lust und Laune malerisch bet\u00e4tigen.<\/p>\n<p><a href=\"https:\/\/blog.willkommen.ro\/wp-content\/uploads\/2016\/06\/P1190571_Bildgr\u00f6\u00dfe-\u00e4ndern.jpg\"><img loading=\"lazy\" decoding=\"async\" class=\"alignnone size-full wp-image-362\" src=\"https:\/\/blog.willkommen.ro\/wp-content\/uploads\/2016\/06\/P1190571_Bildgr\u00f6\u00dfe-\u00e4ndern.jpg\" alt=\"P1190571_Bildgr\u00f6\u00dfe \u00e4ndern\" width=\"800\" height=\"600\" srcset=\"https:\/\/blog.willkommen.ro\/wp-content\/uploads\/2016\/06\/P1190571_Bildgr\u00f6\u00dfe-\u00e4ndern.jpg 800w, https:\/\/blog.willkommen.ro\/wp-content\/uploads\/2016\/06\/P1190571_Bildgr\u00f6\u00dfe-\u00e4ndern-300x225.jpg 300w, https:\/\/blog.willkommen.ro\/wp-content\/uploads\/2016\/06\/P1190571_Bildgr\u00f6\u00dfe-\u00e4ndern-768x576.jpg 768w\" sizes=\"auto, (max-width: 767px) 89vw, (max-width: 1000px) 54vw, (max-width: 1071px) 543px, 580px\" \/><\/a> <a href=\"https:\/\/blog.willkommen.ro\/wp-content\/uploads\/2016\/06\/P1190555_Bildgr\u00f6\u00dfe-\u00e4ndern.jpg\"><img loading=\"lazy\" decoding=\"async\" class=\"alignnone size-large wp-image-363\" src=\"https:\/\/blog.willkommen.ro\/wp-content\/uploads\/2016\/06\/P1190555_Bildgr\u00f6\u00dfe-\u00e4ndern.jpg\" alt=\"P1190555_Bildgr\u00f6\u00dfe \u00e4ndern\" width=\"770\" height=\"578\" srcset=\"https:\/\/blog.willkommen.ro\/wp-content\/uploads\/2016\/06\/P1190555_Bildgr\u00f6\u00dfe-\u00e4ndern.jpg 800w, https:\/\/blog.willkommen.ro\/wp-content\/uploads\/2016\/06\/P1190555_Bildgr\u00f6\u00dfe-\u00e4ndern-300x225.jpg 300w, https:\/\/blog.willkommen.ro\/wp-content\/uploads\/2016\/06\/P1190555_Bildgr\u00f6\u00dfe-\u00e4ndern-768x576.jpg 768w\" sizes=\"auto, (max-width: 767px) 89vw, (max-width: 1000px) 54vw, (max-width: 1071px) 543px, 580px\" \/><\/a> <a href=\"https:\/\/blog.willkommen.ro\/wp-content\/uploads\/2016\/06\/P1190547_Bildgr\u00f6\u00dfe-\u00e4ndern.jpg\"><img loading=\"lazy\" decoding=\"async\" class=\"alignnone size-large wp-image-364\" src=\"https:\/\/blog.willkommen.ro\/wp-content\/uploads\/2016\/06\/P1190547_Bildgr\u00f6\u00dfe-\u00e4ndern.jpg\" alt=\"P1190547_Bildgr\u00f6\u00dfe \u00e4ndern\" width=\"770\" height=\"578\" srcset=\"https:\/\/blog.willkommen.ro\/wp-content\/uploads\/2016\/06\/P1190547_Bildgr\u00f6\u00dfe-\u00e4ndern.jpg 800w, https:\/\/blog.willkommen.ro\/wp-content\/uploads\/2016\/06\/P1190547_Bildgr\u00f6\u00dfe-\u00e4ndern-300x225.jpg 300w, https:\/\/blog.willkommen.ro\/wp-content\/uploads\/2016\/06\/P1190547_Bildgr\u00f6\u00dfe-\u00e4ndern-768x576.jpg 768w\" sizes=\"auto, (max-width: 767px) 89vw, (max-width: 1000px) 54vw, (max-width: 1071px) 543px, 580px\" \/><\/a><\/p>\n","protected":false},"excerpt":{"rendered":"<p>Bericht von Fernande Stein: An einem warmen Maiwochenende besuchten Jeremias und ich nun schon zum zweiten Mal Chris und Michael auf dem Lande. Diesmal hatten wir auch schon einen Plan f\u00fcr ein kleines Kunstprojekt mit den Kindern aus Leblang. Die haben am Samstag gro\u00dfe Gemeinschaftsbilder mit Pinsel und Wasserfarbe gemalt und hatten offensichtlich gro\u00dfen Spa\u00df &hellip; <\/p>\n<p class=\"link-more\"><a href=\"https:\/\/blog.willkommen.ro\/?p=361\" class=\"more-link\"><span class=\"screen-reader-text\">\u201eEin Nachmittag mit Fernande und Jeremias\u201c<\/span> weiterlesen<\/a><\/p>\n","protected":false},"author":1,"featured_media":0,"comment_status":"open","ping_status":"open","sticky":false,"template":"","format":"standard","meta":{"ngg_post_thumbnail":0,"footnotes":""},"categories":[1],"tags":[],"class_list":["post-361","post","type-post","status-publish","format-standard","hentry","category-allgemein"],"_links":{"self":[{"href":"https:\/\/blog.willkommen.ro\/index.php?rest_route=\/wp\/v2\/posts\/361","targetHints":{"allow":["GET"]}}],"collection":[{"href":"https:\/\/blog.willkommen.ro\/index.php?rest_route=\/wp\/v2\/posts"}],"about":[{"href":"https:\/\/blog.willkommen.ro\/index.php?rest_route=\/wp\/v2\/types\/post"}],"author":[{"embeddable":true,"href":"https:\/\/blog.willkommen.ro\/index.php?rest_route=\/wp\/v2\/users\/1"}],"replies":[{"embeddable":true,"href":"https:\/\/blog.willkommen.ro\/index.php?rest_route=%2Fwp%2Fv2%2Fcomments&post=361"}],"version-history":[{"count":0,"href":"https:\/\/blog.willkommen.ro\/index.php?rest_route=\/wp\/v2\/posts\/361\/revisions"}],"wp:attachment":[{"href":"https:\/\/blog.willkommen.ro\/index.php?rest_route=%2Fwp%2Fv2%2Fmedia&parent=361"}],"wp:term":[{"taxonomy":"category","embeddable":true,"href":"https:\/\/blog.willkommen.ro\/index.php?rest_route=%2Fwp%2Fv2%2Fcategories&post=361"},{"taxonomy":"post_tag","embeddable":true,"href":"https:\/\/blog.willkommen.ro\/index.php?rest_route=%2Fwp%2Fv2%2Ftags&post=361"}],"curies":[{"name":"wp","href":"https:\/\/api.w.org\/{rel}","templated":true}]}}