{"id":330,"date":"2016-02-27T08:47:26","date_gmt":"2016-02-27T07:47:26","guid":{"rendered":"http:\/\/www.willkommen.ro\/wordpress\/?p=330"},"modified":"2016-02-27T08:47:26","modified_gmt":"2016-02-27T07:47:26","slug":"erste-jugendstunden-in-cobor","status":"publish","type":"post","link":"https:\/\/blog.willkommen.ro\/?p=330","title":{"rendered":"Erste Jugendstunden in Cobor"},"content":{"rendered":"<p><a href=\"https:\/\/blog.willkommen.ro\/wp-content\/uploads\/2016\/02\/IMG_20160222_170223.jpg\" rel=\"attachment wp-att-331\"><img loading=\"lazy\" decoding=\"async\" class=\"alignnone size-large wp-image-331\" src=\"https:\/\/blog.willkommen.ro\/wp-content\/uploads\/2016\/02\/IMG_20160222_170223-1024x647.jpg\" alt=\"IMG_20160222_170223\" width=\"770\" height=\"487\" srcset=\"https:\/\/blog.willkommen.ro\/wp-content\/uploads\/2016\/02\/IMG_20160222_170223-1024x647.jpg 1024w, https:\/\/blog.willkommen.ro\/wp-content\/uploads\/2016\/02\/IMG_20160222_170223-300x189.jpg 300w, https:\/\/blog.willkommen.ro\/wp-content\/uploads\/2016\/02\/IMG_20160222_170223-768x485.jpg 768w, https:\/\/blog.willkommen.ro\/wp-content\/uploads\/2016\/02\/IMG_20160222_170223.jpg 1880w\" sizes=\"auto, (max-width: 767px) 89vw, (max-width: 1000px) 54vw, (max-width: 1071px) 543px, 580px\" \/><\/a>Seit drei Wochen bieten wir auch in Cobor eine Jugendstunde an, wobei vor allem Christiane und zur Zeit auch noch unsere Freiwillige Nicola aktiv sind. W\u00e4hrend momentan alles im Freien stattfinden muss, sind sind wir aktiv auf der Suche nach einem Raum, um unabh\u00e4ngiger vom Wetter zu sein.<\/p>\n<p>Erg\u00e4nzung am 29. Februar: Wir haben die Zusage der reformierten ungarischen Gemeinde in Cobor, dass wir einen Raum der ehemaligen ungarischen Schule nutzen k\u00f6nnen. Im Gegenzug m\u00fcssen wir die dadurch entstehenden Stromkosten \u00fcbernehmen und ihn so instandsetzen, dass er nutzbar wird und bleibt.<\/p>\n","protected":false},"excerpt":{"rendered":"<p>Seit drei Wochen bieten wir auch in Cobor eine Jugendstunde an, wobei vor allem Christiane und zur Zeit auch noch unsere Freiwillige Nicola aktiv sind. W\u00e4hrend momentan alles im Freien stattfinden muss, sind sind wir aktiv auf der Suche nach einem Raum, um unabh\u00e4ngiger vom Wetter zu sein. Erg\u00e4nzung am 29. Februar: Wir haben die &hellip; <\/p>\n<p class=\"link-more\"><a href=\"https:\/\/blog.willkommen.ro\/?p=330\" class=\"more-link\"><span class=\"screen-reader-text\">\u201eErste Jugendstunden in Cobor\u201c<\/span> weiterlesen<\/a><\/p>\n","protected":false},"author":1,"featured_media":0,"comment_status":"open","ping_status":"open","sticky":false,"template":"","format":"standard","meta":{"ngg_post_thumbnail":0,"footnotes":""},"categories":[1,9,3],"tags":[],"class_list":["post-330","post","type-post","status-publish","format-standard","hentry","category-allgemein","category-cobor","category-kinder-und-jugendstunden"],"_links":{"self":[{"href":"https:\/\/blog.willkommen.ro\/index.php?rest_route=\/wp\/v2\/posts\/330","targetHints":{"allow":["GET"]}}],"collection":[{"href":"https:\/\/blog.willkommen.ro\/index.php?rest_route=\/wp\/v2\/posts"}],"about":[{"href":"https:\/\/blog.willkommen.ro\/index.php?rest_route=\/wp\/v2\/types\/post"}],"author":[{"embeddable":true,"href":"https:\/\/blog.willkommen.ro\/index.php?rest_route=\/wp\/v2\/users\/1"}],"replies":[{"embeddable":true,"href":"https:\/\/blog.willkommen.ro\/index.php?rest_route=%2Fwp%2Fv2%2Fcomments&post=330"}],"version-history":[{"count":0,"href":"https:\/\/blog.willkommen.ro\/index.php?rest_route=\/wp\/v2\/posts\/330\/revisions"}],"wp:attachment":[{"href":"https:\/\/blog.willkommen.ro\/index.php?rest_route=%2Fwp%2Fv2%2Fmedia&parent=330"}],"wp:term":[{"taxonomy":"category","embeddable":true,"href":"https:\/\/blog.willkommen.ro\/index.php?rest_route=%2Fwp%2Fv2%2Fcategories&post=330"},{"taxonomy":"post_tag","embeddable":true,"href":"https:\/\/blog.willkommen.ro\/index.php?rest_route=%2Fwp%2Fv2%2Ftags&post=330"}],"curies":[{"name":"wp","href":"https:\/\/api.w.org\/{rel}","templated":true}]}}