{"id":230,"date":"2015-10-22T20:46:54","date_gmt":"2015-10-22T18:46:54","guid":{"rendered":"http:\/\/www.willkommen.ro\/wordpress\/?p=230"},"modified":"2015-10-22T20:46:54","modified_gmt":"2015-10-22T18:46:54","slug":"erste-jugendstunde-in-leblang","status":"publish","type":"post","link":"https:\/\/blog.willkommen.ro\/?p=230","title":{"rendered":"Erste Jugendstunde in Leblang"},"content":{"rendered":"<p><a href=\"https:\/\/blog.willkommen.ro\/wp-content\/uploads\/2015\/10\/IMG_20151002_175539-klein.jpg\"><img loading=\"lazy\" decoding=\"async\" class=\"size-medium wp-image-231 alignleft\" src=\"https:\/\/blog.willkommen.ro\/wp-content\/uploads\/2015\/10\/IMG_20151002_175539-klein-300x225.jpg\" alt=\"IMG_20151002_175539-klein\" width=\"300\" height=\"225\" srcset=\"https:\/\/blog.willkommen.ro\/wp-content\/uploads\/2015\/10\/IMG_20151002_175539-klein-300x225.jpg 300w, https:\/\/blog.willkommen.ro\/wp-content\/uploads\/2015\/10\/IMG_20151002_175539-klein.jpg 640w\" sizes=\"auto, (max-width: 300px) 100vw, 300px\" \/><\/a><\/p>\n<p>Am Freitag vor genau drei Wochen war das erste Programm mit 13 Kindern und Jugendlichen aus Leblang. Seitdem trafen wir uns jede Woche am Freitag Nachmittag mit ihnen. Es freute uns, sowohl einige bekannte Gesichter unter den Besuchern zu sehen als auch einige neue Kinder begr\u00fc\u00dfen zu d\u00fcrfen. Im Hintergrund ist die ehemalige Schule zu sehen. Die evangelische Kirchengemeinde Leblang bot uns an, einen Raum der Schule f\u00fcr unser Angebot zu nutzen. Mehrere Gemeindeglieder putzten diesen bereits vor unserer ersten Stunde f\u00fcr uns tatkr\u00e4ftig sauber. Daf\u00fcr sind wir sehr dankbar. F\u00fcr dieses Jahr sind in Leblang ein Laternenumzug sowie ein Krippenspiel geplant. Weitere Berichte von aktuellen Aktionen folgen ab nun h\u00e4ufiger auf dieser Seite.<\/p>\n","protected":false},"excerpt":{"rendered":"<p>Am Freitag vor genau drei Wochen war das erste Programm mit 13 Kindern und Jugendlichen aus Leblang. Seitdem trafen wir uns jede Woche am Freitag Nachmittag mit ihnen. Es freute uns, sowohl einige bekannte Gesichter unter den Besuchern zu sehen als auch einige neue Kinder begr\u00fc\u00dfen zu d\u00fcrfen. Im Hintergrund ist die ehemalige Schule zu &hellip; <\/p>\n<p class=\"link-more\"><a href=\"https:\/\/blog.willkommen.ro\/?p=230\" class=\"more-link\"><span class=\"screen-reader-text\">\u201eErste Jugendstunde in Leblang\u201c<\/span> weiterlesen<\/a><\/p>\n","protected":false},"author":1,"featured_media":0,"comment_status":"open","ping_status":"open","sticky":false,"template":"","format":"standard","meta":{"ngg_post_thumbnail":0,"footnotes":""},"categories":[1,3,5],"tags":[],"class_list":["post-230","post","type-post","status-publish","format-standard","hentry","category-allgemein","category-kinder-und-jugendstunden","category-leblang"],"_links":{"self":[{"href":"https:\/\/blog.willkommen.ro\/index.php?rest_route=\/wp\/v2\/posts\/230","targetHints":{"allow":["GET"]}}],"collection":[{"href":"https:\/\/blog.willkommen.ro\/index.php?rest_route=\/wp\/v2\/posts"}],"about":[{"href":"https:\/\/blog.willkommen.ro\/index.php?rest_route=\/wp\/v2\/types\/post"}],"author":[{"embeddable":true,"href":"https:\/\/blog.willkommen.ro\/index.php?rest_route=\/wp\/v2\/users\/1"}],"replies":[{"embeddable":true,"href":"https:\/\/blog.willkommen.ro\/index.php?rest_route=%2Fwp%2Fv2%2Fcomments&post=230"}],"version-history":[{"count":0,"href":"https:\/\/blog.willkommen.ro\/index.php?rest_route=\/wp\/v2\/posts\/230\/revisions"}],"wp:attachment":[{"href":"https:\/\/blog.willkommen.ro\/index.php?rest_route=%2Fwp%2Fv2%2Fmedia&parent=230"}],"wp:term":[{"taxonomy":"category","embeddable":true,"href":"https:\/\/blog.willkommen.ro\/index.php?rest_route=%2Fwp%2Fv2%2Fcategories&post=230"},{"taxonomy":"post_tag","embeddable":true,"href":"https:\/\/blog.willkommen.ro\/index.php?rest_route=%2Fwp%2Fv2%2Ftags&post=230"}],"curies":[{"name":"wp","href":"https:\/\/api.w.org\/{rel}","templated":true}]}}