{"id":1867,"date":"2023-11-21T16:46:30","date_gmt":"2023-11-21T15:46:30","guid":{"rendered":"https:\/\/blog.willkommen.ro\/?p=1867"},"modified":"2023-11-21T16:46:30","modified_gmt":"2023-11-21T15:46:30","slug":"das-ist-andrei","status":"publish","type":"post","link":"https:\/\/blog.willkommen.ro\/?p=1867","title":{"rendered":"Das ist Andrei"},"content":{"rendered":"\n<figure class=\"wp-block-image size-large\"><img loading=\"lazy\" decoding=\"async\" width=\"768\" height=\"1024\" src=\"https:\/\/blog.willkommen.ro\/wp-content\/uploads\/2023\/11\/grafik-4-768x1024.png\" alt=\"\" class=\"wp-image-1868\" srcset=\"https:\/\/blog.willkommen.ro\/wp-content\/uploads\/2023\/11\/grafik-4-768x1024.png 768w, https:\/\/blog.willkommen.ro\/wp-content\/uploads\/2023\/11\/grafik-4-225x300.png 225w, https:\/\/blog.willkommen.ro\/wp-content\/uploads\/2023\/11\/grafik-4-1152x1536.png 1152w, https:\/\/blog.willkommen.ro\/wp-content\/uploads\/2023\/11\/grafik-4.png 1536w\" sizes=\"auto, (max-width: 767px) 89vw, (max-width: 1000px) 54vw, (max-width: 1071px) 543px, 580px\" \/><\/figure>\n\n\n\n<p>Wenn das Wetter gut ist, k\u00f6nnen wir \u00fcber einen H\u00fcgel auf einem Feldweg nach Leblang fahren. Oberhalb von Leblang gibt es eine kleine H\u00fctte, in der die Familie von Andrei im Sommer lebt, weil sie dort die K\u00fche f\u00fcr jemanden aus Leblang betreuen. Wenn ich mit dem Auto von oben, auf diese H\u00fctte zufahre, rennen mir Andrei und seine Geschwister oft schon winkend und strahlend entegegen. Andrei wartet dann schon darauf, mit in unser Programm zu kommen.<\/p>\n\n\n\n<p>Andrei geht in die 2. Klasse und hat insgesamt 13 Geschwister. Einige sind schon ausgezogen und haben wieder selbst Kinder. Mit Andreis Familie sind wir schon lange verbunden. Ich erinnere mich noch daran, wie seine \u00e4lteren Schwestern vor einigen Jahren immer nur zu uns ins Programm kommen konnten, wenn sie einige ihrer kleinen Geschwister auf dem Arm mit ins Programm &#8220;geschleppt&#8221; haben, auf die sie nachmittags aufpassen mussten. Manchmal haben dann Anne und ich Kleinkinder auf dem Arm geschaukelt, damit diese Schwestern auch einmal in Ruhe basteln konnten. Jetzt ist eine dieser M\u00e4dchen weggezogen und hat bereits ihr erstes Kind. Sie ist jetzt wahrscheinlich 15 Jahre alt. Ich habe sie leider seitdem nicht mehr gesehen. Eine zweite (ca. 13) wohnt zwar weiterhin in Leblang, ist aber &#8220;verheiratet&#8221; (d.h. sie wohnt mit ihrem festen Freund zusammen) und darf nicht mehr zu uns ins Programm kommen, weil sie W\u00e4sche waschen und kochen muss &#8211; ungelogen, das hat mir ihr Freund so gesagt, als ich gefragt habe, ob sie mit mir kommen kann! <\/p>\n\n\n\n<p>Aber Andrei kommt ganz regelm\u00e4\u00dfig zu uns. Er bastelt sehr gern und hat immer wieder sehr gute eigene Ideen, wie zum Beispiel aus den Knete-Buchstaben ein Bild zu formen. Das hat er sich selbst ausgedacht. Ich bin froh, dass Andrei in die Schule geht, denn einige seiner Geschwister gehen nicht hin. Er kann ganz gut rechnen, aber man muss auch bei ihm aufpassen, dass man ihn nicht frustriert. Denn sonst gibt er leicht auf. Das ist \u00fcberhaupt eine Schwierigkeit, die ich \u00fcber die Jahre bei der Arbeit in Leblang gelernt habe: Viele der Kinder, besonders aus \u00e4rmeren Verh\u00e4ltnissen, haben nur eine sehr niedrige Frustrationstoleranz. Deshalb f\u00e4llt es ihnen oft schwer neue Dinge einzu\u00fcben. <\/p>\n\n\n\n<p>Aber wenn wir spielend \u00fcben geht es deutlich besser, so wie mit der Knete&#8230;<\/p>\n\n\n\n<p><\/p>\n","protected":false},"excerpt":{"rendered":"<p>Wenn das Wetter gut ist, k\u00f6nnen wir \u00fcber einen H\u00fcgel auf einem Feldweg nach Leblang fahren. Oberhalb von Leblang gibt es eine kleine H\u00fctte, in der die Familie von Andrei im Sommer lebt, weil sie dort die K\u00fche f\u00fcr jemanden aus Leblang betreuen. Wenn ich mit dem Auto von oben, auf diese H\u00fctte zufahre, rennen &hellip; <\/p>\n<p class=\"link-more\"><a href=\"https:\/\/blog.willkommen.ro\/?p=1867\" class=\"more-link\"><span class=\"screen-reader-text\">\u201eDas ist Andrei\u201c<\/span> weiterlesen<\/a><\/p>\n","protected":false},"author":4,"featured_media":0,"comment_status":"closed","ping_status":"closed","sticky":false,"template":"","format":"standard","meta":{"ngg_post_thumbnail":0,"footnotes":""},"categories":[1],"tags":[],"class_list":["post-1867","post","type-post","status-publish","format-standard","hentry","category-allgemein"],"_links":{"self":[{"href":"https:\/\/blog.willkommen.ro\/index.php?rest_route=\/wp\/v2\/posts\/1867","targetHints":{"allow":["GET"]}}],"collection":[{"href":"https:\/\/blog.willkommen.ro\/index.php?rest_route=\/wp\/v2\/posts"}],"about":[{"href":"https:\/\/blog.willkommen.ro\/index.php?rest_route=\/wp\/v2\/types\/post"}],"author":[{"embeddable":true,"href":"https:\/\/blog.willkommen.ro\/index.php?rest_route=\/wp\/v2\/users\/4"}],"replies":[{"embeddable":true,"href":"https:\/\/blog.willkommen.ro\/index.php?rest_route=%2Fwp%2Fv2%2Fcomments&post=1867"}],"version-history":[{"count":2,"href":"https:\/\/blog.willkommen.ro\/index.php?rest_route=\/wp\/v2\/posts\/1867\/revisions"}],"predecessor-version":[{"id":1870,"href":"https:\/\/blog.willkommen.ro\/index.php?rest_route=\/wp\/v2\/posts\/1867\/revisions\/1870"}],"wp:attachment":[{"href":"https:\/\/blog.willkommen.ro\/index.php?rest_route=%2Fwp%2Fv2%2Fmedia&parent=1867"}],"wp:term":[{"taxonomy":"category","embeddable":true,"href":"https:\/\/blog.willkommen.ro\/index.php?rest_route=%2Fwp%2Fv2%2Fcategories&post=1867"},{"taxonomy":"post_tag","embeddable":true,"href":"https:\/\/blog.willkommen.ro\/index.php?rest_route=%2Fwp%2Fv2%2Ftags&post=1867"}],"curies":[{"name":"wp","href":"https:\/\/api.w.org\/{rel}","templated":true}]}}