{"id":1859,"date":"2023-11-21T16:20:34","date_gmt":"2023-11-21T15:20:34","guid":{"rendered":"https:\/\/blog.willkommen.ro\/?p=1859"},"modified":"2023-11-21T16:20:34","modified_gmt":"2023-11-21T15:20:34","slug":"unsere-afterschool-entwickelt-sich","status":"publish","type":"post","link":"https:\/\/blog.willkommen.ro\/?p=1859","title":{"rendered":"Unsere Afterschool entwickelt sich"},"content":{"rendered":"\n<figure class=\"wp-block-image size-large\"><img loading=\"lazy\" decoding=\"async\" width=\"1024\" height=\"768\" src=\"https:\/\/blog.willkommen.ro\/wp-content\/uploads\/2023\/11\/grafik-1024x768.png\" alt=\"\" class=\"wp-image-1860\" srcset=\"https:\/\/blog.willkommen.ro\/wp-content\/uploads\/2023\/11\/grafik-1024x768.png 1024w, https:\/\/blog.willkommen.ro\/wp-content\/uploads\/2023\/11\/grafik-300x225.png 300w, https:\/\/blog.willkommen.ro\/wp-content\/uploads\/2023\/11\/grafik-768x576.png 768w, https:\/\/blog.willkommen.ro\/wp-content\/uploads\/2023\/11\/grafik-1536x1152.png 1536w, https:\/\/blog.willkommen.ro\/wp-content\/uploads\/2023\/11\/grafik.png 2048w\" sizes=\"auto, (max-width: 767px) 89vw, (max-width: 1000px) 54vw, (max-width: 1071px) 543px, 580px\" \/><\/figure>\n\n\n\n<p>Die Afterschool in Leblang ist wohl das Projekt, das uns derzeit am meisten besch\u00e4ftigt. Es hat ja erst seit diesem Schuljahr neu begonnen und wir merken, dass wir immer wieder nachjustieren und etwas umstellen m\u00fcssen, weil manche Bed\u00fcrfnisse anders sind als wir erwartet haben. Unser Hauptproblem in den ersten Wochen war, dass sehr bald \u00fcberhaupt keine Kinder mehr aus dem besonders armen Teil Leblangs kommen wollten. Dabei sind sie unsere Hauptzielgruppe f\u00fcr dieses Projekt, denn sie haben oft sehr gro\u00dfe Schwierigkeiten in der Schule mitzukommen, weil ihnen ihre Eltern kaum helfen k\u00f6nnen. <\/p>\n\n\n\n<p>Ich habe sehr viel dar\u00fcber nachgedacht, warum diese Kinder, die Hilfe in der Afterschool nicht in Anspruch nehmen wollten und ich konnte nur vermuten, was der Grund ist: Die Hausaufgaben, die diese Kinder bekommen, sind schon an sich Grund zu gro\u00df\u00e9r Frustration. Man muss mit ihnen, die Grundlagen aufbauen, die sie verpasst haben und zwar auf eine Weise, dass es ihnen Spa\u00df macht und eben nicht frustrierend ist. <\/p>\n\n\n\n<p>Deshalb haben wir das Programm umgestellt. Nun wird in der ersten Stunde bei den Hausaufgaben geholfen. Dieses Angebot nehmen vor allem Kinder aus dem Dorf sehr dankbar wahr. Das freut uns sehr, denn zu diesen Kindern hatten wir bisher wenig Kontakt und sie k\u00f6nnen die Hilfe auch sehr gut gebrauchen. In der zweiten Stunde werden spielerisch Grundladen gef\u00f6rdert: Feinmotorik, Buchstaben lernen, Zahlen- und Mengenverst\u00e4ndnis. Seit dieser Umstellung ist die Atmosph\u00e4re deutlich besser und die Gruppe der Teilnehmer ist wieder gemischt, wor\u00fcber wir sehr froh sind!<\/p>\n\n\n\n<figure class=\"wp-block-image size-large\"><img loading=\"lazy\" decoding=\"async\" width=\"1024\" height=\"768\" src=\"https:\/\/blog.willkommen.ro\/wp-content\/uploads\/2023\/11\/grafik-1-1024x768.png\" alt=\"\" class=\"wp-image-1861\" srcset=\"https:\/\/blog.willkommen.ro\/wp-content\/uploads\/2023\/11\/grafik-1-1024x768.png 1024w, https:\/\/blog.willkommen.ro\/wp-content\/uploads\/2023\/11\/grafik-1-300x225.png 300w, https:\/\/blog.willkommen.ro\/wp-content\/uploads\/2023\/11\/grafik-1-768x576.png 768w, https:\/\/blog.willkommen.ro\/wp-content\/uploads\/2023\/11\/grafik-1-1536x1152.png 1536w, https:\/\/blog.willkommen.ro\/wp-content\/uploads\/2023\/11\/grafik-1.png 2048w\" sizes=\"auto, (max-width: 767px) 89vw, (max-width: 1000px) 54vw, (max-width: 1071px) 543px, 580px\" \/><\/figure>\n\n\n\n<figure class=\"wp-block-image size-large\"><img loading=\"lazy\" decoding=\"async\" width=\"1024\" height=\"768\" src=\"https:\/\/blog.willkommen.ro\/wp-content\/uploads\/2023\/11\/grafik-2-1024x768.png\" alt=\"\" class=\"wp-image-1863\" srcset=\"https:\/\/blog.willkommen.ro\/wp-content\/uploads\/2023\/11\/grafik-2-1024x768.png 1024w, https:\/\/blog.willkommen.ro\/wp-content\/uploads\/2023\/11\/grafik-2-300x225.png 300w, https:\/\/blog.willkommen.ro\/wp-content\/uploads\/2023\/11\/grafik-2-768x576.png 768w, https:\/\/blog.willkommen.ro\/wp-content\/uploads\/2023\/11\/grafik-2-1536x1152.png 1536w, https:\/\/blog.willkommen.ro\/wp-content\/uploads\/2023\/11\/grafik-2.png 2048w\" sizes=\"auto, (max-width: 767px) 89vw, (max-width: 1000px) 54vw, (max-width: 1071px) 543px, 580px\" \/><\/figure>\n\n\n\n<figure class=\"wp-block-image size-large\"><img loading=\"lazy\" decoding=\"async\" width=\"768\" height=\"1024\" src=\"https:\/\/blog.willkommen.ro\/wp-content\/uploads\/2023\/11\/grafik-3-768x1024.png\" alt=\"\" class=\"wp-image-1864\" srcset=\"https:\/\/blog.willkommen.ro\/wp-content\/uploads\/2023\/11\/grafik-3-768x1024.png 768w, https:\/\/blog.willkommen.ro\/wp-content\/uploads\/2023\/11\/grafik-3-225x300.png 225w, https:\/\/blog.willkommen.ro\/wp-content\/uploads\/2023\/11\/grafik-3-1152x1536.png 1152w, https:\/\/blog.willkommen.ro\/wp-content\/uploads\/2023\/11\/grafik-3.png 1536w\" sizes=\"auto, (max-width: 767px) 89vw, (max-width: 1000px) 54vw, (max-width: 1071px) 543px, 580px\" \/><\/figure>\n","protected":false},"excerpt":{"rendered":"<p>Die Afterschool in Leblang ist wohl das Projekt, das uns derzeit am meisten besch\u00e4ftigt. Es hat ja erst seit diesem Schuljahr neu begonnen und wir merken, dass wir immer wieder nachjustieren und etwas umstellen m\u00fcssen, weil manche Bed\u00fcrfnisse anders sind als wir erwartet haben. Unser Hauptproblem in den ersten Wochen war, dass sehr bald \u00fcberhaupt &hellip; <\/p>\n<p class=\"link-more\"><a href=\"https:\/\/blog.willkommen.ro\/?p=1859\" class=\"more-link\"><span class=\"screen-reader-text\">\u201eUnsere Afterschool entwickelt sich\u201c<\/span> weiterlesen<\/a><\/p>\n","protected":false},"author":4,"featured_media":0,"comment_status":"closed","ping_status":"closed","sticky":false,"template":"","format":"standard","meta":{"ngg_post_thumbnail":0,"footnotes":""},"categories":[1],"tags":[],"class_list":["post-1859","post","type-post","status-publish","format-standard","hentry","category-allgemein"],"_links":{"self":[{"href":"https:\/\/blog.willkommen.ro\/index.php?rest_route=\/wp\/v2\/posts\/1859","targetHints":{"allow":["GET"]}}],"collection":[{"href":"https:\/\/blog.willkommen.ro\/index.php?rest_route=\/wp\/v2\/posts"}],"about":[{"href":"https:\/\/blog.willkommen.ro\/index.php?rest_route=\/wp\/v2\/types\/post"}],"author":[{"embeddable":true,"href":"https:\/\/blog.willkommen.ro\/index.php?rest_route=\/wp\/v2\/users\/4"}],"replies":[{"embeddable":true,"href":"https:\/\/blog.willkommen.ro\/index.php?rest_route=%2Fwp%2Fv2%2Fcomments&post=1859"}],"version-history":[{"count":3,"href":"https:\/\/blog.willkommen.ro\/index.php?rest_route=\/wp\/v2\/posts\/1859\/revisions"}],"predecessor-version":[{"id":1866,"href":"https:\/\/blog.willkommen.ro\/index.php?rest_route=\/wp\/v2\/posts\/1859\/revisions\/1866"}],"wp:attachment":[{"href":"https:\/\/blog.willkommen.ro\/index.php?rest_route=%2Fwp%2Fv2%2Fmedia&parent=1859"}],"wp:term":[{"taxonomy":"category","embeddable":true,"href":"https:\/\/blog.willkommen.ro\/index.php?rest_route=%2Fwp%2Fv2%2Fcategories&post=1859"},{"taxonomy":"post_tag","embeddable":true,"href":"https:\/\/blog.willkommen.ro\/index.php?rest_route=%2Fwp%2Fv2%2Ftags&post=1859"}],"curies":[{"name":"wp","href":"https:\/\/api.w.org\/{rel}","templated":true}]}}