{"id":1842,"date":"2023-10-26T21:46:50","date_gmt":"2023-10-26T19:46:50","guid":{"rendered":"https:\/\/blog.willkommen.ro\/?p=1842"},"modified":"2023-10-26T21:46:50","modified_gmt":"2023-10-26T19:46:50","slug":"der-herbst-ist-da","status":"publish","type":"post","link":"https:\/\/blog.willkommen.ro\/?p=1842","title":{"rendered":"Der Herbst ist da!"},"content":{"rendered":"\n<p>Seit Anfang Oktober f\u00e4rben sich die ersten Bl\u00e4tter bunt und diese Gelegenheit haben wir direkt genutzt, um mit den Kindern Bl\u00e4tter zu sammeln. Danach haben wir sie gemeinsam zu Igeln und L\u00f6wen verbastelt. Dadurch hat der L\u00f6we eine schicke bunte M\u00e4hne bekommen, w\u00e4hrend die Stacheln des Igels als Bl\u00e4tter noch sch\u00f6ner aussehen \ud83d\ude09<\/p>\n\n\n\n<figure class=\"wp-block-gallery has-nested-images columns-default is-cropped wp-block-gallery-1 is-layout-flex wp-block-gallery-is-layout-flex\">\n<figure class=\"wp-block-image\"><img loading=\"lazy\" decoding=\"async\" width=\"768\" height=\"1024\" data-id=\"1841\" src=\"https:\/\/blog.willkommen.ro\/wp-content\/uploads\/2023\/10\/img_6947-768x1024.jpg\" alt=\"\" class=\"wp-image-1841\" srcset=\"https:\/\/blog.willkommen.ro\/wp-content\/uploads\/2023\/10\/img_6947-768x1024.jpg 768w, https:\/\/blog.willkommen.ro\/wp-content\/uploads\/2023\/10\/img_6947-225x300.jpg 225w, https:\/\/blog.willkommen.ro\/wp-content\/uploads\/2023\/10\/img_6947-1152x1536.jpg 1152w, https:\/\/blog.willkommen.ro\/wp-content\/uploads\/2023\/10\/img_6947-1536x2048.jpg 1536w, https:\/\/blog.willkommen.ro\/wp-content\/uploads\/2023\/10\/img_6947-scaled.jpg 1920w\" sizes=\"auto, (max-width: 767px) 89vw, (max-width: 1000px) 54vw, (max-width: 1071px) 543px, 580px\" \/><\/figure>\n<\/figure>\n","protected":false},"excerpt":{"rendered":"<p>Seit Anfang Oktober f\u00e4rben sich die ersten Bl\u00e4tter bunt und diese Gelegenheit haben wir direkt genutzt, um mit den Kindern Bl\u00e4tter zu sammeln. Danach haben wir sie gemeinsam zu Igeln und L\u00f6wen verbastelt. Dadurch hat der L\u00f6we eine schicke bunte M\u00e4hne bekommen, w\u00e4hrend die Stacheln des Igels als Bl\u00e4tter noch sch\u00f6ner aussehen \ud83d\ude09<\/p>\n","protected":false},"author":19,"featured_media":0,"comment_status":"closed","ping_status":"closed","sticky":false,"template":"","format":"standard","meta":{"ngg_post_thumbnail":0,"footnotes":""},"categories":[1],"tags":[],"class_list":["post-1842","post","type-post","status-publish","format-standard","hentry","category-allgemein"],"_links":{"self":[{"href":"https:\/\/blog.willkommen.ro\/index.php?rest_route=\/wp\/v2\/posts\/1842","targetHints":{"allow":["GET"]}}],"collection":[{"href":"https:\/\/blog.willkommen.ro\/index.php?rest_route=\/wp\/v2\/posts"}],"about":[{"href":"https:\/\/blog.willkommen.ro\/index.php?rest_route=\/wp\/v2\/types\/post"}],"author":[{"embeddable":true,"href":"https:\/\/blog.willkommen.ro\/index.php?rest_route=\/wp\/v2\/users\/19"}],"replies":[{"embeddable":true,"href":"https:\/\/blog.willkommen.ro\/index.php?rest_route=%2Fwp%2Fv2%2Fcomments&post=1842"}],"version-history":[{"count":1,"href":"https:\/\/blog.willkommen.ro\/index.php?rest_route=\/wp\/v2\/posts\/1842\/revisions"}],"predecessor-version":[{"id":1843,"href":"https:\/\/blog.willkommen.ro\/index.php?rest_route=\/wp\/v2\/posts\/1842\/revisions\/1843"}],"wp:attachment":[{"href":"https:\/\/blog.willkommen.ro\/index.php?rest_route=%2Fwp%2Fv2%2Fmedia&parent=1842"}],"wp:term":[{"taxonomy":"category","embeddable":true,"href":"https:\/\/blog.willkommen.ro\/index.php?rest_route=%2Fwp%2Fv2%2Fcategories&post=1842"},{"taxonomy":"post_tag","embeddable":true,"href":"https:\/\/blog.willkommen.ro\/index.php?rest_route=%2Fwp%2Fv2%2Ftags&post=1842"}],"curies":[{"name":"wp","href":"https:\/\/api.w.org\/{rel}","templated":true}]}}