{"id":1836,"date":"2023-10-26T21:29:35","date_gmt":"2023-10-26T19:29:35","guid":{"rendered":"https:\/\/blog.willkommen.ro\/?p=1836"},"modified":"2023-10-26T21:29:38","modified_gmt":"2023-10-26T19:29:38","slug":"portraitzeichnen","status":"publish","type":"post","link":"https:\/\/blog.willkommen.ro\/?p=1836","title":{"rendered":"Portraitzeichnen"},"content":{"rendered":"\n<p>Am 23. und 30. September wurde in Cobor ein Zeichenkurs von Hariet zum Thema Portraitzeichnen angeboten. Bei diesem lernten die Kinder und Jugendlichen aus Cobor und Leblang Schritt f\u00fcr Schritt, wie man das Portrait eines Gegen\u00fcbers m\u00f6glichst realistisch und nur mit einem Bleistift zeichnen kann. Dabei wurde Wert gelegt auf den Schatten in Gesichtern, Perspektive und Unterschiede beim Zeichnen von alten und jungen Menschen. Vergleicht man die erste Portraitzeichnung der Kinder und Jugendlichen am 23. September mit der letzten sieht man, dass die Kinder und Jugendlichen gro\u00dfe Fortschritte gemacht haben und viel gelernt haben. Danke an Hariet, dass sie sich Zeit f\u00fcr uns genommen hat.<\/p>\n\n\n\n<figure class=\"wp-block-gallery has-nested-images columns-default is-cropped wp-block-gallery-1 is-layout-flex wp-block-gallery-is-layout-flex\">\n<figure class=\"wp-block-image\"><img loading=\"lazy\" decoding=\"async\" width=\"1024\" height=\"768\" data-id=\"1835\" src=\"https:\/\/blog.willkommen.ro\/wp-content\/uploads\/2023\/10\/img_6556-1024x768.jpg\" alt=\"\" class=\"wp-image-1835\" srcset=\"https:\/\/blog.willkommen.ro\/wp-content\/uploads\/2023\/10\/img_6556-1024x768.jpg 1024w, https:\/\/blog.willkommen.ro\/wp-content\/uploads\/2023\/10\/img_6556-300x225.jpg 300w, https:\/\/blog.willkommen.ro\/wp-content\/uploads\/2023\/10\/img_6556-768x576.jpg 768w, https:\/\/blog.willkommen.ro\/wp-content\/uploads\/2023\/10\/img_6556-1536x1152.jpg 1536w, https:\/\/blog.willkommen.ro\/wp-content\/uploads\/2023\/10\/img_6556-2048x1536.jpg 2048w\" sizes=\"auto, (max-width: 767px) 89vw, (max-width: 1000px) 54vw, (max-width: 1071px) 543px, 580px\" \/><\/figure>\n\n\n\n<figure class=\"wp-block-image\"><img loading=\"lazy\" decoding=\"async\" width=\"1024\" height=\"598\" data-id=\"1834\" src=\"https:\/\/blog.willkommen.ro\/wp-content\/uploads\/2023\/10\/335eb79c-6abf-4667-82ed-9162dfaed137-1-1024x598.jpg\" alt=\"\" class=\"wp-image-1834\" srcset=\"https:\/\/blog.willkommen.ro\/wp-content\/uploads\/2023\/10\/335eb79c-6abf-4667-82ed-9162dfaed137-1-1024x598.jpg 1024w, https:\/\/blog.willkommen.ro\/wp-content\/uploads\/2023\/10\/335eb79c-6abf-4667-82ed-9162dfaed137-1-300x175.jpg 300w, https:\/\/blog.willkommen.ro\/wp-content\/uploads\/2023\/10\/335eb79c-6abf-4667-82ed-9162dfaed137-1-768x449.jpg 768w, https:\/\/blog.willkommen.ro\/wp-content\/uploads\/2023\/10\/335eb79c-6abf-4667-82ed-9162dfaed137-1.jpg 1280w\" sizes=\"auto, (max-width: 767px) 89vw, (max-width: 1000px) 54vw, (max-width: 1071px) 543px, 580px\" \/><\/figure>\n<\/figure>\n","protected":false},"excerpt":{"rendered":"<p>Am 23. und 30. September wurde in Cobor ein Zeichenkurs von Hariet zum Thema Portraitzeichnen angeboten. Bei diesem lernten die Kinder und Jugendlichen aus Cobor und Leblang Schritt f\u00fcr Schritt, wie man das Portrait eines Gegen\u00fcbers m\u00f6glichst realistisch und nur mit einem Bleistift zeichnen kann. Dabei wurde Wert gelegt auf den Schatten in Gesichtern, Perspektive &hellip; <\/p>\n<p class=\"link-more\"><a href=\"https:\/\/blog.willkommen.ro\/?p=1836\" class=\"more-link\"><span class=\"screen-reader-text\">\u201ePortraitzeichnen\u201c<\/span> weiterlesen<\/a><\/p>\n","protected":false},"author":19,"featured_media":0,"comment_status":"closed","ping_status":"closed","sticky":false,"template":"","format":"standard","meta":{"ngg_post_thumbnail":0,"footnotes":""},"categories":[1],"tags":[],"class_list":["post-1836","post","type-post","status-publish","format-standard","hentry","category-allgemein"],"_links":{"self":[{"href":"https:\/\/blog.willkommen.ro\/index.php?rest_route=\/wp\/v2\/posts\/1836","targetHints":{"allow":["GET"]}}],"collection":[{"href":"https:\/\/blog.willkommen.ro\/index.php?rest_route=\/wp\/v2\/posts"}],"about":[{"href":"https:\/\/blog.willkommen.ro\/index.php?rest_route=\/wp\/v2\/types\/post"}],"author":[{"embeddable":true,"href":"https:\/\/blog.willkommen.ro\/index.php?rest_route=\/wp\/v2\/users\/19"}],"replies":[{"embeddable":true,"href":"https:\/\/blog.willkommen.ro\/index.php?rest_route=%2Fwp%2Fv2%2Fcomments&post=1836"}],"version-history":[{"count":1,"href":"https:\/\/blog.willkommen.ro\/index.php?rest_route=\/wp\/v2\/posts\/1836\/revisions"}],"predecessor-version":[{"id":1837,"href":"https:\/\/blog.willkommen.ro\/index.php?rest_route=\/wp\/v2\/posts\/1836\/revisions\/1837"}],"wp:attachment":[{"href":"https:\/\/blog.willkommen.ro\/index.php?rest_route=%2Fwp%2Fv2%2Fmedia&parent=1836"}],"wp:term":[{"taxonomy":"category","embeddable":true,"href":"https:\/\/blog.willkommen.ro\/index.php?rest_route=%2Fwp%2Fv2%2Fcategories&post=1836"},{"taxonomy":"post_tag","embeddable":true,"href":"https:\/\/blog.willkommen.ro\/index.php?rest_route=%2Fwp%2Fv2%2Ftags&post=1836"}],"curies":[{"name":"wp","href":"https:\/\/api.w.org\/{rel}","templated":true}]}}