{"id":1820,"date":"2023-09-11T18:10:34","date_gmt":"2023-09-11T16:10:34","guid":{"rendered":"https:\/\/blog.willkommen.ro\/?p=1820"},"modified":"2023-09-11T20:57:46","modified_gmt":"2023-09-11T18:57:46","slug":"merit","status":"publish","type":"post","link":"https:\/\/blog.willkommen.ro\/?p=1820","title":{"rendered":"Merit"},"content":{"rendered":"\n<figure class=\"wp-block-image size-full\"><img loading=\"lazy\" decoding=\"async\" width=\"490\" height=\"653\" src=\"https:\/\/blog.willkommen.ro\/wp-content\/uploads\/2023\/09\/Merit.jpg\" alt=\"\" class=\"wp-image-1821\" srcset=\"https:\/\/blog.willkommen.ro\/wp-content\/uploads\/2023\/09\/Merit.jpg 490w, https:\/\/blog.willkommen.ro\/wp-content\/uploads\/2023\/09\/Merit-225x300.jpg 225w\" sizes=\"auto, (max-width: 490px) 100vw, 490px\" \/><\/figure>\n\n\n\n<p>Hi, ich bin Merit, 18 Jahre alt und habe gerade mein Abitur in Karlsruhe gemacht. Im kommenden Jahr 23\/24 werde ich als Freiwillige des Freiwilligen \u00d6kumenischen Friedensdienstes (F\u00d6F) bei Chris und Michael arbeiten.<\/p>\n\n\n\n<p>Lange war ich unsicher, was ich nach meinem Abitur machen soll und hab mich dann schlussendlich f\u00fcr einen Freiwilligendienst entschieden. Ich habe mich dann f\u00fcr den Freiwilligen \u00d6kumenischen Friedensdienst entschieden, weil mir der Gedanke \u201eFriedensdienst statt Kriegsdienst\u201c sehr gut gefallen hat. Dabei stand das Land anfangs nicht fest, ich war einfach offen f\u00fcr alle M\u00f6glichkeiten. Auf Rum\u00e4nien kam ich dann durch die Einsatzstelle bei Chris und Michael. Die Stelle hat sich super spannend angeh\u00f6rt und ich wusste sofort, dass ich total Lust h\u00e4tte dort zu arbeiten. Deswegen habe ich mich umso mehr gefreut, als ich dann die Zusage im Dezember 2022 erhalten habe.<\/p>\n\n\n\n<p>In den letzten Jahren habe ich bereits mit Kindern gearbeitet, zum Beispiel bei den Pfadfindern oder in der Kletterhalle. Ich freue mich drauf, im kommenden Jahr noch mehr Kinder und Jugendarbeit miterleben und mitgestalten zu d\u00fcrfen. Ich glaube, dass dabei ganz viele verschiedene Aufgaben auf mich zukommen werden. Vor allem durch die neue Sprache werden die ersten Wochen und Monate sicherlich eine Herausforderung sein, aber ich will auf jeden Fall Rum\u00e4nisch lernen und freue mich sehr, wenn ich mich bald mit den Kindern und Jugendlichen besser verst\u00e4ndigen kann.<\/p>\n\n\n\n<p>W\u00e4hrend meiner Schulzeit habe ich viel Musik gemacht. Ich habe Cello gespielt und im Chor gesungen, was mir immer viel Spa\u00df gemacht hat. In meiner Freizeit habe ich gerne Stra\u00dfenmusik gemacht und auch auf Festen Gitarre gespielt. Au\u00dferdem verbringe ich gerne viel Zeit drau\u00dfen, ob beim Wandern oder einfach mit einem Buch oder meiner Gitarre im Park. Ich hoffe, dass ich im kommenden Jahr auch mit den Kindern und Jugendlichen musizieren kann. Zum Beispiel in Singerunden oder durch das Gitarre spielen.<\/p>\n\n\n\n<p>Ich bin ganz gespannt, was das Jahr alles so mit sich bringen wird und freue mich sehr auf meine Zeit hier in Rum\u00e4nien!<\/p>\n","protected":false},"excerpt":{"rendered":"<p>Hi, ich bin Merit, 18 Jahre alt und habe gerade mein Abitur in Karlsruhe gemacht. Im kommenden Jahr 23\/24 werde ich als Freiwillige des Freiwilligen \u00d6kumenischen Friedensdienstes (F\u00d6F) bei Chris und Michael arbeiten. Lange war ich unsicher, was ich nach meinem Abitur machen soll und hab mich dann schlussendlich f\u00fcr einen Freiwilligendienst entschieden. Ich habe &hellip; <\/p>\n<p class=\"link-more\"><a href=\"https:\/\/blog.willkommen.ro\/?p=1820\" class=\"more-link\"><span class=\"screen-reader-text\">\u201eMerit\u201c<\/span> weiterlesen<\/a><\/p>\n","protected":false},"author":4,"featured_media":0,"comment_status":"closed","ping_status":"closed","sticky":false,"template":"","format":"standard","meta":{"ngg_post_thumbnail":0,"footnotes":""},"categories":[1],"tags":[],"class_list":["post-1820","post","type-post","status-publish","format-standard","hentry","category-allgemein"],"_links":{"self":[{"href":"https:\/\/blog.willkommen.ro\/index.php?rest_route=\/wp\/v2\/posts\/1820","targetHints":{"allow":["GET"]}}],"collection":[{"href":"https:\/\/blog.willkommen.ro\/index.php?rest_route=\/wp\/v2\/posts"}],"about":[{"href":"https:\/\/blog.willkommen.ro\/index.php?rest_route=\/wp\/v2\/types\/post"}],"author":[{"embeddable":true,"href":"https:\/\/blog.willkommen.ro\/index.php?rest_route=\/wp\/v2\/users\/4"}],"replies":[{"embeddable":true,"href":"https:\/\/blog.willkommen.ro\/index.php?rest_route=%2Fwp%2Fv2%2Fcomments&post=1820"}],"version-history":[{"count":2,"href":"https:\/\/blog.willkommen.ro\/index.php?rest_route=\/wp\/v2\/posts\/1820\/revisions"}],"predecessor-version":[{"id":1823,"href":"https:\/\/blog.willkommen.ro\/index.php?rest_route=\/wp\/v2\/posts\/1820\/revisions\/1823"}],"wp:attachment":[{"href":"https:\/\/blog.willkommen.ro\/index.php?rest_route=%2Fwp%2Fv2%2Fmedia&parent=1820"}],"wp:term":[{"taxonomy":"category","embeddable":true,"href":"https:\/\/blog.willkommen.ro\/index.php?rest_route=%2Fwp%2Fv2%2Fcategories&post=1820"},{"taxonomy":"post_tag","embeddable":true,"href":"https:\/\/blog.willkommen.ro\/index.php?rest_route=%2Fwp%2Fv2%2Ftags&post=1820"}],"curies":[{"name":"wp","href":"https:\/\/api.w.org\/{rel}","templated":true}]}}