{"id":1807,"date":"2023-08-31T15:42:13","date_gmt":"2023-08-31T13:42:13","guid":{"rendered":"https:\/\/blog.willkommen.ro\/?p=1807"},"modified":"2023-08-31T15:42:13","modified_gmt":"2023-08-31T13:42:13","slug":"unsere-piraten-kapitaene","status":"publish","type":"post","link":"https:\/\/blog.willkommen.ro\/?p=1807","title":{"rendered":"Unsere Piraten-Kapit\u00e4ne"},"content":{"rendered":"\n<p>Pfadfinder aus Frankreich 2023<\/p>\n\n\n\n<p>Beim Lager f\u00fcr die \u00c4lteren haben uns dieses Jahr 6 Pfadfinder aus Frankreich geholfen. Als letzter Schritt der Pfadfinder-Laufbahn f\u00fchrt man als Gruppe ein Projekt im Ausland durch. In den letzten Jahren kamen regelm\u00e4\u00dfig solche Pfadfindergruppen zu uns, um uns beim Sommerprogramm zu unterst\u00fctzen. F\u00fcr uns ist das super, denn die Pfadfinder bringen immer neue Ideen und sind sehr hilfsbereit und nett. Au\u00dferdem kochen sie gute Franz\u00f6sische Sachen und lassen uns mitessen (-; F\u00fcr die Kinder und Jugendlichen ist es auch ein sehr gro\u00dfer Gewinn, die Pfadfinder im Sommer zu treffen. Sie zeigen den Kindern und Jugendlichen, dass Menschen sehr unterschiedlich sind und dass das nichts Furchterregendes ist, sondern etwas Interessantes. Sie zeigen den Kindern, dass sie etwas besonderes sind, denn diese Leute machen sich extra auf so einen weiten Weg, um mit ihnen ein paar sch\u00f6ne Tage zu verbringen. Sie fordern uns und die Kinder heraus, unsere Fremdsprachenkenntnisse zu aktivieren und immer wieder merken wir: Verbindungen werden nicht nur \u00fcber das Sprechen aufgebaut. Ein L\u00e4cheln sagt oft mehr als tausend Worte&#8230;<\/p>\n\n\n\n<figure class=\"wp-block-image size-large\"><img loading=\"lazy\" decoding=\"async\" width=\"1024\" height=\"768\" src=\"https:\/\/blog.willkommen.ro\/wp-content\/uploads\/2023\/08\/grafik-5-1024x768.png\" alt=\"\" class=\"wp-image-1815\" srcset=\"https:\/\/blog.willkommen.ro\/wp-content\/uploads\/2023\/08\/grafik-5-1024x768.png 1024w, https:\/\/blog.willkommen.ro\/wp-content\/uploads\/2023\/08\/grafik-5-300x225.png 300w, https:\/\/blog.willkommen.ro\/wp-content\/uploads\/2023\/08\/grafik-5-768x576.png 768w, https:\/\/blog.willkommen.ro\/wp-content\/uploads\/2023\/08\/grafik-5.png 1365w\" sizes=\"auto, (max-width: 767px) 89vw, (max-width: 1000px) 54vw, (max-width: 1071px) 543px, 580px\" \/><\/figure>\n\n\n\n<figure class=\"wp-block-image size-large\"><img loading=\"lazy\" decoding=\"async\" width=\"1024\" height=\"576\" src=\"https:\/\/blog.willkommen.ro\/wp-content\/uploads\/2023\/08\/grafik-1024x576.png\" alt=\"\" class=\"wp-image-1810\" srcset=\"https:\/\/blog.willkommen.ro\/wp-content\/uploads\/2023\/08\/grafik-1024x576.png 1024w, https:\/\/blog.willkommen.ro\/wp-content\/uploads\/2023\/08\/grafik-300x169.png 300w, https:\/\/blog.willkommen.ro\/wp-content\/uploads\/2023\/08\/grafik-768x432.png 768w, https:\/\/blog.willkommen.ro\/wp-content\/uploads\/2023\/08\/grafik-1536x864.png 1536w, https:\/\/blog.willkommen.ro\/wp-content\/uploads\/2023\/08\/grafik.png 1600w\" sizes=\"auto, (max-width: 767px) 89vw, (max-width: 1000px) 54vw, (max-width: 1071px) 543px, 580px\" \/><figcaption>Mailys und Anouk<\/figcaption><\/figure>\n\n\n\n<figure class=\"wp-block-image size-full\"><img loading=\"lazy\" decoding=\"async\" width=\"768\" height=\"1024\" src=\"https:\/\/blog.willkommen.ro\/wp-content\/uploads\/2023\/08\/grafik-2.png\" alt=\"\" class=\"wp-image-1812\" srcset=\"https:\/\/blog.willkommen.ro\/wp-content\/uploads\/2023\/08\/grafik-2.png 768w, https:\/\/blog.willkommen.ro\/wp-content\/uploads\/2023\/08\/grafik-2-225x300.png 225w\" sizes=\"auto, (max-width: 767px) 89vw, (max-width: 1000px) 54vw, (max-width: 1071px) 543px, 580px\" \/><figcaption>Noe<\/figcaption><\/figure>\n\n\n\n<figure class=\"wp-block-image size-full\"><img loading=\"lazy\" decoding=\"async\" width=\"768\" height=\"1024\" src=\"https:\/\/blog.willkommen.ro\/wp-content\/uploads\/2023\/08\/grafik-3.png\" alt=\"\" class=\"wp-image-1813\" srcset=\"https:\/\/blog.willkommen.ro\/wp-content\/uploads\/2023\/08\/grafik-3.png 768w, https:\/\/blog.willkommen.ro\/wp-content\/uploads\/2023\/08\/grafik-3-225x300.png 225w\" sizes=\"auto, (max-width: 767px) 89vw, (max-width: 1000px) 54vw, (max-width: 1071px) 543px, 580px\" \/><figcaption>Fanie<\/figcaption><\/figure>\n\n\n\n<figure class=\"wp-block-image size-full\"><img loading=\"lazy\" decoding=\"async\" width=\"768\" height=\"1024\" src=\"https:\/\/blog.willkommen.ro\/wp-content\/uploads\/2023\/08\/grafik-4.png\" alt=\"\" class=\"wp-image-1814\" srcset=\"https:\/\/blog.willkommen.ro\/wp-content\/uploads\/2023\/08\/grafik-4.png 768w, https:\/\/blog.willkommen.ro\/wp-content\/uploads\/2023\/08\/grafik-4-225x300.png 225w\" sizes=\"auto, (max-width: 767px) 89vw, (max-width: 1000px) 54vw, (max-width: 1071px) 543px, 580px\" \/><figcaption>Gaetan und Elise<\/figcaption><\/figure>\n\n\n\n<p>Merci beaucoup (-:<\/p>\n","protected":false},"excerpt":{"rendered":"<p>Pfadfinder aus Frankreich 2023 Beim Lager f\u00fcr die \u00c4lteren haben uns dieses Jahr 6 Pfadfinder aus Frankreich geholfen. Als letzter Schritt der Pfadfinder-Laufbahn f\u00fchrt man als Gruppe ein Projekt im Ausland durch. In den letzten Jahren kamen regelm\u00e4\u00dfig solche Pfadfindergruppen zu uns, um uns beim Sommerprogramm zu unterst\u00fctzen. F\u00fcr uns ist das super, denn die &hellip; <\/p>\n<p class=\"link-more\"><a href=\"https:\/\/blog.willkommen.ro\/?p=1807\" class=\"more-link\"><span class=\"screen-reader-text\">\u201eUnsere Piraten-Kapit\u00e4ne\u201c<\/span> weiterlesen<\/a><\/p>\n","protected":false},"author":4,"featured_media":0,"comment_status":"closed","ping_status":"closed","sticky":false,"template":"","format":"standard","meta":{"ngg_post_thumbnail":0,"footnotes":""},"categories":[1],"tags":[],"class_list":["post-1807","post","type-post","status-publish","format-standard","hentry","category-allgemein"],"_links":{"self":[{"href":"https:\/\/blog.willkommen.ro\/index.php?rest_route=\/wp\/v2\/posts\/1807","targetHints":{"allow":["GET"]}}],"collection":[{"href":"https:\/\/blog.willkommen.ro\/index.php?rest_route=\/wp\/v2\/posts"}],"about":[{"href":"https:\/\/blog.willkommen.ro\/index.php?rest_route=\/wp\/v2\/types\/post"}],"author":[{"embeddable":true,"href":"https:\/\/blog.willkommen.ro\/index.php?rest_route=\/wp\/v2\/users\/4"}],"replies":[{"embeddable":true,"href":"https:\/\/blog.willkommen.ro\/index.php?rest_route=%2Fwp%2Fv2%2Fcomments&post=1807"}],"version-history":[{"count":6,"href":"https:\/\/blog.willkommen.ro\/index.php?rest_route=\/wp\/v2\/posts\/1807\/revisions"}],"predecessor-version":[{"id":1819,"href":"https:\/\/blog.willkommen.ro\/index.php?rest_route=\/wp\/v2\/posts\/1807\/revisions\/1819"}],"wp:attachment":[{"href":"https:\/\/blog.willkommen.ro\/index.php?rest_route=%2Fwp%2Fv2%2Fmedia&parent=1807"}],"wp:term":[{"taxonomy":"category","embeddable":true,"href":"https:\/\/blog.willkommen.ro\/index.php?rest_route=%2Fwp%2Fv2%2Fcategories&post=1807"},{"taxonomy":"post_tag","embeddable":true,"href":"https:\/\/blog.willkommen.ro\/index.php?rest_route=%2Fwp%2Fv2%2Ftags&post=1807"}],"curies":[{"name":"wp","href":"https:\/\/api.w.org\/{rel}","templated":true}]}}