{"id":1766,"date":"2023-08-23T17:04:09","date_gmt":"2023-08-23T15:04:09","guid":{"rendered":"https:\/\/blog.willkommen.ro\/?p=1766"},"modified":"2023-08-23T17:04:09","modified_gmt":"2023-08-23T15:04:09","slug":"sergiu","status":"publish","type":"post","link":"https:\/\/blog.willkommen.ro\/?p=1766","title":{"rendered":"Sergiu"},"content":{"rendered":"\n<figure class=\"wp-block-image size-large is-resized\"><img loading=\"lazy\" decoding=\"async\" src=\"https:\/\/blog.willkommen.ro\/wp-content\/uploads\/2023\/08\/image-1-768x1024.png\" alt=\"\" class=\"wp-image-1767\" width=\"364\" height=\"485\" srcset=\"https:\/\/blog.willkommen.ro\/wp-content\/uploads\/2023\/08\/image-1-768x1023.png 768w, https:\/\/blog.willkommen.ro\/wp-content\/uploads\/2023\/08\/image-1-225x300.png 225w, https:\/\/blog.willkommen.ro\/wp-content\/uploads\/2023\/08\/image-1-1153x1536.png 1153w, https:\/\/blog.willkommen.ro\/wp-content\/uploads\/2023\/08\/image-1.png 1200w\" sizes=\"auto, (max-width: 364px) 100vw, 364px\" \/><\/figure>\n\n\n\n<p>Sergiu kennen wir schon lange. Er ist schon 18 Jahre alt und kam schon bald nachdem wir vor 8 Jahren angefangen hatten, zu uns ins Programm. Die letzten Jahre sehen wir ihn leider nur noch recht unregelm\u00e4\u00dfig, weil er seinem Vater beim K\u00fche-melken helfen muss und so w\u00e4hrend der Freitagsgruppe von Michael keine Zeit hat. Aber Sergiu hat in unserem Alphabetisierungskurs lesen, schreiben und rechnen gelernt. (Das war noch vor Corona&#8230;) Vor etwa einem halben Jahr, habe ich ihn mal getroffen, als ich die j\u00fcngeren Kinder zum Programm abgeholt habe. Ich freue mich immer ihn zu treffen. Er ist zwar immer wieder ein bisschen \u00fcberdreht, aber ein sehr netter Kerl. Nat\u00fcrlich sprechen wir ein bisschen, w\u00e4hrend ich darauf warte, dass alle Kinder sich bereit machen. Und da sagt er zu mir: &#8220;Doamna Chris, ich bin wirklich sehr dankbar, dass ich im Jugendraum Lesen lernen konnte. Ich wei\u00df genau, dass es nicht selbstverst\u00e4ndlich ist, was Sie und Michael f\u00fcr uns machen.&#8221; Da war ich baff. Denn ich h\u00e4tte nicht erwartet, dass mal einer der damaligen Sch\u00fcler das so sagen w\u00fcrde und schon gar nicht zu mir, denn ich war ja nur indirekt beteiligt. Ich selbst habe Sergiu nicht lesen und schreiben beigebracht, aber er hat verstanden, dass Michael und ich durch den Verein die Grundlagen geliefert haben, dass er in unseren R\u00e4umen den Unterricht besuchen konnte. <\/p>\n\n\n\n<p>Jetzt war Sergiu im Sommerprogramm f\u00fcr die Gro\u00dfen dabei. Er hatte mir schon davor gesagt, dass er diese Tage immer sehr genie\u00dft, dass sie wie Urlaub f\u00fcr ihn sind. Der Vater verzichtet die Tage vom Ferienprogramm auf Sergius Hilfe, damit er mitgehen kann, was auch nicht selbstverst\u00e4ndlich ist. Und Sergiu war mit vollem Eifer dabei und hat schlie\u00dflich auch als erster den Piratenschatz entdeckt. Das hat er sehr verdient. Denn er hat die Stimmung in unserer Gruppe wirklich sehr positiv beeinflusst. Und wenn es sein musste Aufgaben auch allein gel\u00f6st, wenn sich keines der M\u00e4dchen aufraffen konnte (-; <\/p>\n\n\n\n<figure class=\"wp-block-image size-large is-resized\"><img loading=\"lazy\" decoding=\"async\" src=\"https:\/\/blog.willkommen.ro\/wp-content\/uploads\/2023\/08\/image-2-768x1024.png\" alt=\"\" class=\"wp-image-1768\" width=\"371\" height=\"493\" srcset=\"https:\/\/blog.willkommen.ro\/wp-content\/uploads\/2023\/08\/image-2-225x300.png 225w, https:\/\/blog.willkommen.ro\/wp-content\/uploads\/2023\/08\/image-2-768x1023.png 768w, https:\/\/blog.willkommen.ro\/wp-content\/uploads\/2023\/08\/image-2-1153x1536.png 1153w, https:\/\/blog.willkommen.ro\/wp-content\/uploads\/2023\/08\/image-2.png 1200w\" sizes=\"auto, (max-width: 371px) 100vw, 371px\" \/><\/figure>\n\n\n\n<figure class=\"wp-block-image size-full is-resized\"><img loading=\"lazy\" decoding=\"async\" src=\"https:\/\/blog.willkommen.ro\/wp-content\/uploads\/2023\/08\/image-4.png\" alt=\"\" class=\"wp-image-1770\" width=\"586\" height=\"439\" srcset=\"https:\/\/blog.willkommen.ro\/wp-content\/uploads\/2023\/08\/image-4.png 1024w, https:\/\/blog.willkommen.ro\/wp-content\/uploads\/2023\/08\/image-4-300x225.png 300w, https:\/\/blog.willkommen.ro\/wp-content\/uploads\/2023\/08\/image-4-768x576.png 768w\" sizes=\"auto, (max-width: 586px) 100vw, 586px\" \/><\/figure>\n\n\n\n<figure class=\"wp-block-image size-full is-resized\"><img loading=\"lazy\" decoding=\"async\" src=\"https:\/\/blog.willkommen.ro\/wp-content\/uploads\/2023\/08\/image-5.png\" alt=\"\" class=\"wp-image-1772\" width=\"374\" height=\"498\" srcset=\"https:\/\/blog.willkommen.ro\/wp-content\/uploads\/2023\/08\/image-5.png 768w, https:\/\/blog.willkommen.ro\/wp-content\/uploads\/2023\/08\/image-5-225x300.png 225w\" sizes=\"auto, (max-width: 374px) 100vw, 374px\" \/><\/figure>\n\n\n\n<figure class=\"wp-block-image size-full is-resized\"><img loading=\"lazy\" decoding=\"async\" src=\"https:\/\/blog.willkommen.ro\/wp-content\/uploads\/2023\/08\/image-6.png\" alt=\"\" class=\"wp-image-1773\" width=\"592\" height=\"444\" srcset=\"https:\/\/blog.willkommen.ro\/wp-content\/uploads\/2023\/08\/image-6.png 1024w, https:\/\/blog.willkommen.ro\/wp-content\/uploads\/2023\/08\/image-6-300x225.png 300w, https:\/\/blog.willkommen.ro\/wp-content\/uploads\/2023\/08\/image-6-768x576.png 768w\" sizes=\"auto, (max-width: 592px) 100vw, 592px\" \/><figcaption>Sergiu ist der, der versteckt am Turm arbeitet (-;<\/figcaption><\/figure>\n\n\n\n<p><\/p>\n","protected":false},"excerpt":{"rendered":"<p>Sergiu kennen wir schon lange. Er ist schon 18 Jahre alt und kam schon bald nachdem wir vor 8 Jahren angefangen hatten, zu uns ins Programm. Die letzten Jahre sehen wir ihn leider nur noch recht unregelm\u00e4\u00dfig, weil er seinem Vater beim K\u00fche-melken helfen muss und so w\u00e4hrend der Freitagsgruppe von Michael keine Zeit hat. &hellip; <\/p>\n<p class=\"link-more\"><a href=\"https:\/\/blog.willkommen.ro\/?p=1766\" class=\"more-link\"><span class=\"screen-reader-text\">\u201eSergiu\u201c<\/span> weiterlesen<\/a><\/p>\n","protected":false},"author":4,"featured_media":0,"comment_status":"closed","ping_status":"closed","sticky":false,"template":"","format":"standard","meta":{"ngg_post_thumbnail":0,"footnotes":""},"categories":[1],"tags":[],"class_list":["post-1766","post","type-post","status-publish","format-standard","hentry","category-allgemein"],"_links":{"self":[{"href":"https:\/\/blog.willkommen.ro\/index.php?rest_route=\/wp\/v2\/posts\/1766","targetHints":{"allow":["GET"]}}],"collection":[{"href":"https:\/\/blog.willkommen.ro\/index.php?rest_route=\/wp\/v2\/posts"}],"about":[{"href":"https:\/\/blog.willkommen.ro\/index.php?rest_route=\/wp\/v2\/types\/post"}],"author":[{"embeddable":true,"href":"https:\/\/blog.willkommen.ro\/index.php?rest_route=\/wp\/v2\/users\/4"}],"replies":[{"embeddable":true,"href":"https:\/\/blog.willkommen.ro\/index.php?rest_route=%2Fwp%2Fv2%2Fcomments&post=1766"}],"version-history":[{"count":2,"href":"https:\/\/blog.willkommen.ro\/index.php?rest_route=\/wp\/v2\/posts\/1766\/revisions"}],"predecessor-version":[{"id":1774,"href":"https:\/\/blog.willkommen.ro\/index.php?rest_route=\/wp\/v2\/posts\/1766\/revisions\/1774"}],"wp:attachment":[{"href":"https:\/\/blog.willkommen.ro\/index.php?rest_route=%2Fwp%2Fv2%2Fmedia&parent=1766"}],"wp:term":[{"taxonomy":"category","embeddable":true,"href":"https:\/\/blog.willkommen.ro\/index.php?rest_route=%2Fwp%2Fv2%2Fcategories&post=1766"},{"taxonomy":"post_tag","embeddable":true,"href":"https:\/\/blog.willkommen.ro\/index.php?rest_route=%2Fwp%2Fv2%2Ftags&post=1766"}],"curies":[{"name":"wp","href":"https:\/\/api.w.org\/{rel}","templated":true}]}}