{"id":1432,"date":"2022-03-08T11:59:24","date_gmt":"2022-03-08T10:59:24","guid":{"rendered":"https:\/\/blog.willkommen.ro\/?p=1432"},"modified":"2022-03-09T09:00:32","modified_gmt":"2022-03-09T08:00:32","slug":"hilfe-fuer-ukraine","status":"publish","type":"post","link":"https:\/\/blog.willkommen.ro\/?p=1432","title":{"rendered":"Hilfe f\u00fcr Ukraine"},"content":{"rendered":"\n<p>(Leider noch ohne Bild&#8230;) Gerne w\u00fcrde ich hier jetzt schreiben, dass der Winter sich in jeder Hinsicht zu ende neigt und wir mit unserem normalen w\u00f6chentlichen Programm angefangen haben. Auch wenn das zwar tats\u00e4chlich so ist, sind unsere Aktivit\u00e4ten vor allem durch den Krieg in der Ukraine gepr\u00e4gt. Letzte Woche haben wir zusammen mit anderen mit zwei Bussen ukrainische Frauen mit ihren Kindern von der Grenze abgeholt. Sie sind inzwischen in Deutschland angekommen. Seit gestern Abend sind wir als ganze Familie in ein Dorf in der N\u00e4he gezogen, in dem es viele Unterkunftsm\u00f6glichkeiten f\u00fcr gefl\u00fcchtete Menschen gibt. Wir werden hier regelm\u00e4\u00dfige Angebote f\u00fcr die vielen Kinder und Jugendlichen machen, um ihnen nach tagelanger Flucht einige m\u00f6glichst normale Tage zu erm\u00f6glichen, bevor es dann weiter geht.<\/p>\n\n\n\n<p>Soeben haben wir vom Finanzamt die Best\u00e4tigung bekommen, dass wir f\u00fcr diese Arbeit auch \u00fcber unseren Verein Spenden sammeln und daf\u00fcr eine Zuwendungsbest\u00e4tigung ausstellen d\u00fcrfen. Wir werden das Geld an die evangelische Kirchengemeinde aus F\u0103g\u0103ra\u0219 oder\/und die Diakonia F\u0103g\u0103ra\u0219 weiterleiten, sowie unsere eigenen Aktivit\u00e4ten in diesem Zusammenhang bezahlen. In der Zukunft unterst\u00fctzen wir vielleicht dann auch noch andere Arbeiten\/Organisationen f\u00fcr die Arbeit mit Fl\u00fcchtlingen oder akuten Notlagen. Mit den beiden genannten Organisationen haben wir bereits oft zusammengearbeitet. Aus den weitergeleiteten Spenden werden aktuell die Abholung von der Grenze, Unterkunft und Verpflegung in unserer Umgebung, sowie die weitere Reise finanziert. Sollte sich der Konflikt ausweiten, w\u00fcrden wir die Spenden auch f\u00fcr die darunter leidenden verwenden.<\/p>\n\n\n\n<p>Wer uns spenden m\u00f6chte, darf dies gerne tun. <strong>Bitte unbedingt bei der Spende die eigenen Daten (Name, Adresse) sowie den Spendenzweck &#8220;Hilfe f\u00fcr gefl\u00fcchtete Menschen&#8221; angeben<\/strong> oder nachreichen! (Ohne Spendenzweck flie\u00dft die Spende in unsere Kinder- und Jugendarbeit.) <strong>Vielen Dank bereits jetzt!<\/strong><\/p>\n\n\n\n<ul class=\"wp-block-list\"><li>IBAN: DE77 6039 0000 0517 1480 05<\/li><li>BIC: GENODES1BBV<\/li><\/ul>\n\n\n\n<p><strong>In der n\u00e4chsten Zeit sind wir telefonisch nicht zuverl\u00e4ssig unter der \u00fcblichen Nummer zu erreichen, sondern unter 0040 7361 80 306.<\/strong><\/p>\n\n\n","protected":false},"excerpt":{"rendered":"<p>(Leider noch ohne Bild&#8230;) Gerne w\u00fcrde ich hier jetzt schreiben, dass der Winter sich in jeder Hinsicht zu ende neigt und wir mit unserem normalen w\u00f6chentlichen Programm angefangen haben. Auch wenn das zwar tats\u00e4chlich so ist, sind unsere Aktivit\u00e4ten vor allem durch den Krieg in der Ukraine gepr\u00e4gt. Letzte Woche haben wir zusammen mit anderen &hellip; <\/p>\n<p class=\"link-more\"><a href=\"https:\/\/blog.willkommen.ro\/?p=1432\" class=\"more-link\"><span class=\"screen-reader-text\">\u201eHilfe f\u00fcr Ukraine\u201c<\/span> weiterlesen<\/a><\/p>\n","protected":false},"author":1,"featured_media":0,"comment_status":"closed","ping_status":"closed","sticky":false,"template":"","format":"standard","meta":{"ngg_post_thumbnail":0,"footnotes":""},"categories":[1],"tags":[],"class_list":["post-1432","post","type-post","status-publish","format-standard","hentry","category-allgemein"],"_links":{"self":[{"href":"https:\/\/blog.willkommen.ro\/index.php?rest_route=\/wp\/v2\/posts\/1432","targetHints":{"allow":["GET"]}}],"collection":[{"href":"https:\/\/blog.willkommen.ro\/index.php?rest_route=\/wp\/v2\/posts"}],"about":[{"href":"https:\/\/blog.willkommen.ro\/index.php?rest_route=\/wp\/v2\/types\/post"}],"author":[{"embeddable":true,"href":"https:\/\/blog.willkommen.ro\/index.php?rest_route=\/wp\/v2\/users\/1"}],"replies":[{"embeddable":true,"href":"https:\/\/blog.willkommen.ro\/index.php?rest_route=%2Fwp%2Fv2%2Fcomments&post=1432"}],"version-history":[{"count":2,"href":"https:\/\/blog.willkommen.ro\/index.php?rest_route=\/wp\/v2\/posts\/1432\/revisions"}],"predecessor-version":[{"id":1434,"href":"https:\/\/blog.willkommen.ro\/index.php?rest_route=\/wp\/v2\/posts\/1432\/revisions\/1434"}],"wp:attachment":[{"href":"https:\/\/blog.willkommen.ro\/index.php?rest_route=%2Fwp%2Fv2%2Fmedia&parent=1432"}],"wp:term":[{"taxonomy":"category","embeddable":true,"href":"https:\/\/blog.willkommen.ro\/index.php?rest_route=%2Fwp%2Fv2%2Fcategories&post=1432"},{"taxonomy":"post_tag","embeddable":true,"href":"https:\/\/blog.willkommen.ro\/index.php?rest_route=%2Fwp%2Fv2%2Ftags&post=1432"}],"curies":[{"name":"wp","href":"https:\/\/api.w.org\/{rel}","templated":true}]}}