{"id":1392,"date":"2020-09-18T23:32:39","date_gmt":"2020-09-18T21:32:39","guid":{"rendered":"https:\/\/blog.willkommen.ro\/?p=1392"},"modified":"2020-09-18T23:32:39","modified_gmt":"2020-09-18T21:32:39","slug":"unsere-arbeit-waehrend-der-pandemie","status":"publish","type":"post","link":"https:\/\/blog.willkommen.ro\/?p=1392","title":{"rendered":"Unsere Arbeit w\u00e4hrend der Pandemie"},"content":{"rendered":"\n<p>Seit \u00fcber einem halben Jahr befinden wir uns inzwischen in einem zur Normalit\u00e4t gewordenen Ausnahmezustand. Einkaufen mit Maske, monatelange Schulschlie\u00dfungen und gro\u00dfe Einschr\u00e4nkungen in unserer Arbeit mit den Kindern und Jugendlichen aus Cobor uns Leblang. <\/p>\n\n\n\n<p>Die seit M\u00e4rz bis Ende Juni erzwungene Pause unserer Arbeit haben wir im Verein f\u00fcr viele Gedanken und Planungen genutzt. W\u00e4hrend der Versorgung der \u00e4lteren alleinstehenden Dorfbewohner Cobors mit Nahrungsmitteln \u00fcber einen Zeitraum von 10 Wochen lernten wir ein ungarisch-portugisisches Paar, Antonia und Telmo, kennen. Antonias Eltern sind aus Cobor. Ihr Vater kam letztes Jahr bei einem schlimmen Unfall ums Leben. Telmo ist seit \u00fcber zwei Jahren in Rum\u00e4nien. Zu Beginn der Einschr\u00e4nkungen im M\u00e4rz kamen beide nach Cobor und boten ihre Hilfe an. So lernten wir sie kennen und sch\u00e4tzen.<\/p>\n\n\n\n<p>Seit Anfang Juli ist Telmo bei unserem Verein angestellt, und wir versuchen langsam, sowohl die bereits bestehenden Aktivit\u00e4ten wieder anzufangen als auch neue Projekte ins Leben zu rufen. Insbesondere sollen die Angebote nicht mehr von uns als Familie abh\u00e4ngen. Inzwischen gibt es so eine Gruppe f\u00fcr kleine Kinder in Cobor, eine f\u00fcr Jugendliche. Der Fl\u00f6tenkurs findet ebenfalls w\u00f6chentlich statt. Und ab Montag f\u00e4ngt die Hausaufgabenbetreuung f\u00fcr alle Coborer Kinder an, ein Angebot, das wir im M\u00e4rz nach zehn sehr erfolgreichen Tagen (s. alte Posts) wegen der Schulschlie\u00dfungen wieder unterbrechen mussten. In den kommenden Monaten werden wir die Herausforderung zu meistern haben, eine dauerhafte Finanzierung f\u00fcr Telmos Anstellung und die mit der Hausaufgabenbetreuung verbundenen Kosten zu finden. Zudem w\u00fcrden wir gerne die Angebote in Leblang &#8211; derer gab es &#8220;seit Corona&#8221; nur sehr einzelne &#8211; wieder anbieten k\u00f6nnen. Unsere zeitliche Kapazit\u00e4t l\u00e4sst dies im Moment jedoch leider noch nicht zu.<\/p>\n\n\n\n<p>Danke f\u00fcr die Unterst\u00fctzung, die uns immer wieder zuteil wird! Herzliche Gr\u00fc\u00dfe aus Siebenb\u00fcrgen!<\/p>\n","protected":false},"excerpt":{"rendered":"<p>Seit \u00fcber einem halben Jahr befinden wir uns inzwischen in einem zur Normalit\u00e4t gewordenen Ausnahmezustand. Einkaufen mit Maske, monatelange Schulschlie\u00dfungen und gro\u00dfe Einschr\u00e4nkungen in unserer Arbeit mit den Kindern und Jugendlichen aus Cobor uns Leblang. Die seit M\u00e4rz bis Ende Juni erzwungene Pause unserer Arbeit haben wir im Verein f\u00fcr viele Gedanken und Planungen genutzt. &hellip; <\/p>\n<p class=\"link-more\"><a href=\"https:\/\/blog.willkommen.ro\/?p=1392\" class=\"more-link\"><span class=\"screen-reader-text\">\u201eUnsere Arbeit w\u00e4hrend der Pandemie\u201c<\/span> weiterlesen<\/a><\/p>\n","protected":false},"author":1,"featured_media":0,"comment_status":"closed","ping_status":"closed","sticky":false,"template":"","format":"standard","meta":{"ngg_post_thumbnail":0,"footnotes":""},"categories":[1],"tags":[],"class_list":["post-1392","post","type-post","status-publish","format-standard","hentry","category-allgemein"],"_links":{"self":[{"href":"https:\/\/blog.willkommen.ro\/index.php?rest_route=\/wp\/v2\/posts\/1392","targetHints":{"allow":["GET"]}}],"collection":[{"href":"https:\/\/blog.willkommen.ro\/index.php?rest_route=\/wp\/v2\/posts"}],"about":[{"href":"https:\/\/blog.willkommen.ro\/index.php?rest_route=\/wp\/v2\/types\/post"}],"author":[{"embeddable":true,"href":"https:\/\/blog.willkommen.ro\/index.php?rest_route=\/wp\/v2\/users\/1"}],"replies":[{"embeddable":true,"href":"https:\/\/blog.willkommen.ro\/index.php?rest_route=%2Fwp%2Fv2%2Fcomments&post=1392"}],"version-history":[{"count":1,"href":"https:\/\/blog.willkommen.ro\/index.php?rest_route=\/wp\/v2\/posts\/1392\/revisions"}],"predecessor-version":[{"id":1393,"href":"https:\/\/blog.willkommen.ro\/index.php?rest_route=\/wp\/v2\/posts\/1392\/revisions\/1393"}],"wp:attachment":[{"href":"https:\/\/blog.willkommen.ro\/index.php?rest_route=%2Fwp%2Fv2%2Fmedia&parent=1392"}],"wp:term":[{"taxonomy":"category","embeddable":true,"href":"https:\/\/blog.willkommen.ro\/index.php?rest_route=%2Fwp%2Fv2%2Fcategories&post=1392"},{"taxonomy":"post_tag","embeddable":true,"href":"https:\/\/blog.willkommen.ro\/index.php?rest_route=%2Fwp%2Fv2%2Ftags&post=1392"}],"curies":[{"name":"wp","href":"https:\/\/api.w.org\/{rel}","templated":true}]}}