{"id":1366,"date":"2020-03-31T13:45:15","date_gmt":"2020-03-31T11:45:15","guid":{"rendered":"https:\/\/blog.willkommen.ro\/?p=1366"},"modified":"2020-03-31T13:45:17","modified_gmt":"2020-03-31T11:45:17","slug":"wir-bleiben-zuhause-kommt-wir-machen-etwas-schoenes","status":"publish","type":"post","link":"https:\/\/blog.willkommen.ro\/?p=1366","title":{"rendered":"\u201eWir bleiben zuhause \u2013 Kommt, wir machen etwas sch\u00f6nes\u201c &#8230;"},"content":{"rendered":"\n<figure class=\"wp-block-image size-large\"><img loading=\"lazy\" decoding=\"async\" width=\"357\" height=\"539\" src=\"https:\/\/blog.willkommen.ro\/wp-content\/uploads\/2020\/03\/Bildschirmfoto-von-2020-03-31-13-15-54.png\" alt=\"\" class=\"wp-image-1367\" srcset=\"https:\/\/blog.willkommen.ro\/wp-content\/uploads\/2020\/03\/Bildschirmfoto-von-2020-03-31-13-15-54.png 357w, https:\/\/blog.willkommen.ro\/wp-content\/uploads\/2020\/03\/Bildschirmfoto-von-2020-03-31-13-15-54-199x300.png 199w\" sizes=\"auto, (max-width: 357px) 100vw, 357px\" \/><\/figure>\n\n\n\n<p> \u2026 <strong>so hei\u00dft die neue Gruppe (auf deutsch \u00fcbersetzt) f\u00fcr Kinder und Jugendliche, die wir auf Facebook eingerichtet haben. <\/strong> <\/p>\n\n\n\n<p>Corona macht uns viele Sorgen und ver\u00e4ndert unser Leben grundlegend. Auch unsere Arbeit mit den Kindern und Jugendlichen mussten wir erst einmal v\u00f6llig auf Eis legen. Aber jetzt haben wir zumindest ein Gruppe er\u00f6ffnet, die den Kindern und Jugendlichen helfen soll, sich positiv zu bet\u00e4tigen. Jeden Tag stellen wir in dieser Gruppe Vorschl\u00e4ge ein, die man Zuhause einfach nachmachen kann. Wir erhoffen uns davon, den Kindern M\u00f6glichkeiten zu er\u00f6ffnen, ihre viele freie Zeit sinnvoller zu nutzen, in Kontakt zu bleiben und auch die Kreativit\u00e4t und Neugierde der Kinder zu f\u00f6rdern. Schaut\/ Schauen Sie gerne mal in dieser Gruppe vorbei. Man findet sie auf Facebook unter <a href=\"https:\/\/www.facebook.com\/groups\/210606053621605\/\">\u201eSt\u0103m acasa. Haide\u021bi s\u0103 facem ceva frumos!\u201c <\/a>Nat\u00fcrlich sind die Beitr\u00e4ge auf rum\u00e4nisch, aber es gibt viele Photos und die meisten Vorschl\u00e4ge sind selbsterkl\u00e4rend, also auch f\u00fcr Kinder in Deutschland geeignet.  <\/p>\n\n\n\n<p>Es freut uns, dass dieses Angebot mehr und mehr genutzt wird und wir immer wieder auch Bilder von Kindern auf der Gruppenseite finden, die einen Vorschlag von der Seite nachgemacht haben. <\/p>\n\n\n\n<p>Wir w\u00fcnschen viel Gesundheit und Kraft f\u00fcr die kommende Zeit.  <\/p>\n","protected":false},"excerpt":{"rendered":"<p>\u2026 so hei\u00dft die neue Gruppe (auf deutsch \u00fcbersetzt) f\u00fcr Kinder und Jugendliche, die wir auf Facebook eingerichtet haben. Corona macht uns viele Sorgen und ver\u00e4ndert unser Leben grundlegend. Auch unsere Arbeit mit den Kindern und Jugendlichen mussten wir erst einmal v\u00f6llig auf Eis legen. Aber jetzt haben wir zumindest ein Gruppe er\u00f6ffnet, die den &hellip; <\/p>\n<p class=\"link-more\"><a href=\"https:\/\/blog.willkommen.ro\/?p=1366\" class=\"more-link\"><span class=\"screen-reader-text\">\u201e\u201eWir bleiben zuhause \u2013 Kommt, wir machen etwas sch\u00f6nes\u201c &#8230;\u201c<\/span> weiterlesen<\/a><\/p>\n","protected":false},"author":4,"featured_media":0,"comment_status":"closed","ping_status":"closed","sticky":false,"template":"","format":"standard","meta":{"ngg_post_thumbnail":0,"footnotes":""},"categories":[1],"tags":[],"class_list":["post-1366","post","type-post","status-publish","format-standard","hentry","category-allgemein"],"_links":{"self":[{"href":"https:\/\/blog.willkommen.ro\/index.php?rest_route=\/wp\/v2\/posts\/1366","targetHints":{"allow":["GET"]}}],"collection":[{"href":"https:\/\/blog.willkommen.ro\/index.php?rest_route=\/wp\/v2\/posts"}],"about":[{"href":"https:\/\/blog.willkommen.ro\/index.php?rest_route=\/wp\/v2\/types\/post"}],"author":[{"embeddable":true,"href":"https:\/\/blog.willkommen.ro\/index.php?rest_route=\/wp\/v2\/users\/4"}],"replies":[{"embeddable":true,"href":"https:\/\/blog.willkommen.ro\/index.php?rest_route=%2Fwp%2Fv2%2Fcomments&post=1366"}],"version-history":[{"count":2,"href":"https:\/\/blog.willkommen.ro\/index.php?rest_route=\/wp\/v2\/posts\/1366\/revisions"}],"predecessor-version":[{"id":1379,"href":"https:\/\/blog.willkommen.ro\/index.php?rest_route=\/wp\/v2\/posts\/1366\/revisions\/1379"}],"wp:attachment":[{"href":"https:\/\/blog.willkommen.ro\/index.php?rest_route=%2Fwp%2Fv2%2Fmedia&parent=1366"}],"wp:term":[{"taxonomy":"category","embeddable":true,"href":"https:\/\/blog.willkommen.ro\/index.php?rest_route=%2Fwp%2Fv2%2Fcategories&post=1366"},{"taxonomy":"post_tag","embeddable":true,"href":"https:\/\/blog.willkommen.ro\/index.php?rest_route=%2Fwp%2Fv2%2Ftags&post=1366"}],"curies":[{"name":"wp","href":"https:\/\/api.w.org\/{rel}","templated":true}]}}